{"id":9283,"date":"2023-11-06T22:43:43","date_gmt":"2023-11-07T02:43:43","guid":{"rendered":"https:\/\/teenchallengepr.org\/?p=9283"},"modified":"2023-11-06T22:47:44","modified_gmt":"2023-11-07T02:47:44","slug":"cena-de-gala-2023-tcpr","status":"publish","type":"post","link":"https:\/\/teenchallengepr.org\/en\/cena-de-gala-2023-tcpr\/","title":{"rendered":"Cena de gala 2023 TCPR"},"content":{"rendered":"<div data-elementor-type=\"wp-post\" data-elementor-id=\"9283\" class=\"elementor elementor-9283\" data-elementor-post-type=\"post\">\n\t\t\t\t\t\t<section class=\"elementor-section elementor-top-section elementor-element elementor-element-6b9d2a1b ot-traditional elementor-section-boxed elementor-section-height-default elementor-section-height-default\" data-id=\"6b9d2a1b\" data-element_type=\"section\" data-e-type=\"section\">\n\t\t\t\t\t\t<div class=\"elementor-container elementor-column-gap-default\">\n\t\t\t\t\t<div class=\"elementor-column elementor-col-100 elementor-top-column elementor-element elementor-element-3655d1e5 ot-flex-column-vertical\" data-id=\"3655d1e5\" data-element_type=\"column\" data-e-type=\"column\">\n\t\t\t<div class=\"elementor-widget-wrap elementor-element-populated\">\n\t\t\t\t\t\t<div class=\"elementor-element elementor-element-65e43986 elementor-widget elementor-widget-text-editor\" data-id=\"65e43986\" data-element_type=\"widget\" data-e-type=\"widget\" data-widget_type=\"text-editor.default\">\n\t\t\t\t<div class=\"elementor-widget-container\">\n\t\t\t\t\t\t\t\t\t<p>\u00a0La Cena Gala \u00abCelebremos la Vida 2023\u00bb<br \/>Por aqu\u00ed le dejamos m\u00e1s de recuerdos de esta hist\u00f3rica Cena de Gala \u00bb Celebremos la Vida 2023&#8243;<br \/>Con Dios todo es posible.<\/p>\t\t\t\t\t\t\t\t<\/div>\n\t\t\t\t<\/div>\n\t\t\t\t<div class=\"elementor-element elementor-element-5ee705a elementor-widget elementor-widget-facebook-embed\" data-id=\"5ee705a\" data-element_type=\"widget\" data-e-type=\"widget\" data-widget_type=\"facebook-embed.default\">\n\t\t\t\t<div class=\"elementor-widget-container\">\n\t\t\t\t\t<div style=\"min-height: 1px\" class=\"elementor-facebook-widget fb-post\" data-href=\"https:\/\/www.facebook.com\/TeenChallengePuertoRico\/posts\/pfbid0RZ8afZXeoMYtM46Rvs5DrRdDmGpY4Tj85CN2jzHuCYnt5GqEkGVbFbcujYV5CFgZl\" data-show-text=\"true\"><\/div>\t\t\t\t<\/div>\n\t\t\t\t<\/div>\n\t\t\t\t\t<\/div>\n\t\t<\/div>\n\t\t\t\t\t<\/div>\n\t\t<\/section>\n\t\t\t\t<\/div>","protected":false},"excerpt":{"rendered":"<p>\u00a0La Cena Gala \u00abCelebremos la Vida 2023\u00bbPor aqu\u00ed le dejamos m\u00e1s de recuerdos de esta hist\u00f3rica Cena de Gala \u00bb Celebremos la Vida 2023&#8243;Con Dios todo es posible.<\/p>","protected":false},"author":1,"featured_media":9284,"comment_status":"closed","ping_status":"open","sticky":false,"template":"","format":"standard","meta":{"footnotes":""},"categories":[53],"tags":[],"class_list":["post-9283","post","type-post","status-publish","format-standard","has-post-thumbnail","hentry","category-actividades"],"yoast_head":"<!-- This site is optimized with the Yoast SEO plugin v27.0 - https:\/\/yoast.com\/product\/yoast-seo-wordpress\/ -->\n<title>Cena de gala 2023 TCPR - TEEN CHALLENGE PUERTO RICO<\/title>\n<meta name=\"description\" content=\"Cena de gala 2023 TCPR\" \/>\n<meta name=\"robots\" content=\"index, follow, max-snippet:-1, max-image-preview:large, max-video-preview:-1\" \/>\n<link rel=\"canonical\" href=\"https:\/\/teenchallengepr.org\/en\/cena-de-gala-2023-tcpr\/\" \/>\n<meta property=\"og:locale\" content=\"en_US\" \/>\n<meta property=\"og:type\" content=\"article\" \/>\n<meta property=\"og:title\" content=\"Cena de gala 2023 TCPR - TEEN CHALLENGE PUERTO RICO\" \/>\n<meta property=\"og:description\" content=\"Cena de gala 2023 TCPR\" \/>\n<meta property=\"og:url\" content=\"https:\/\/teenchallengepr.org\/en\/cena-de-gala-2023-tcpr\/\" \/>\n<meta property=\"og:site_name\" content=\"TEEN CHALLENGE PUERTO RICO\" \/>\n<meta property=\"article:publisher\" content=\"https:\/\/www.facebook.com\/TeenChallengePuertoRico\" \/>\n<meta property=\"article:published_time\" content=\"2023-11-07T02:43:43+00:00\" \/>\n<meta property=\"article:modified_time\" content=\"2023-11-07T02:47:44+00:00\" \/>\n<meta property=\"og:image\" content=\"https:\/\/teenchallengepr.org\/wp-content\/uploads\/2023\/11\/CENA-DE-GALA-TCPR.jpg\" \/>\n\t<meta property=\"og:image:width\" content=\"1600\" \/>\n\t<meta property=\"og:image:height\" content=\"1204\" \/>\n\t<meta property=\"og:image:type\" content=\"image\/jpeg\" \/>\n<meta name=\"author\" content=\"jalweb\" \/>\n<meta name=\"twitter:card\" content=\"summary_large_image\" \/>\n<meta name=\"twitter:label1\" content=\"Written by\" \/>\n\t<meta name=\"twitter:data1\" content=\"jalweb\" \/>\n\t<meta name=\"twitter:label2\" content=\"Est. reading time\" \/>\n\t<meta name=\"twitter:data2\" content=\"1 minute\" \/>\n<script type=\"application\/ld+json\" class=\"yoast-schema-graph\">{\"@context\":\"https:\/\/schema.org\",\"@graph\":[{\"@type\":\"Article\",\"@id\":\"https:\/\/teenchallengepr.org\/cena-de-gala-2023-tcpr\/#article\",\"isPartOf\":{\"@id\":\"https:\/\/teenchallengepr.org\/cena-de-gala-2023-tcpr\/\"},\"author\":{\"name\":\"jalweb\",\"@id\":\"https:\/\/teenchallengepr.org\/#\/schema\/person\/79c748d2d56c2e26e2bb63a9aea8f3dd\"},\"headline\":\"Cena de gala 2023 TCPR\",\"datePublished\":\"2023-11-07T02:43:43+00:00\",\"dateModified\":\"2023-11-07T02:47:44+00:00\",\"mainEntityOfPage\":{\"@id\":\"https:\/\/teenchallengepr.org\/cena-de-gala-2023-tcpr\/\"},\"wordCount\":33,\"publisher\":{\"@id\":\"https:\/\/teenchallengepr.org\/#organization\"},\"image\":{\"@id\":\"https:\/\/teenchallengepr.org\/cena-de-gala-2023-tcpr\/#primaryimage\"},\"thumbnailUrl\":\"https:\/\/teenchallengepr.org\/wp-content\/uploads\/2023\/11\/CENA-DE-GALA-TCPR.jpg\",\"articleSection\":[\"Actividades\"],\"inLanguage\":\"en-US\"},{\"@type\":\"WebPage\",\"@id\":\"https:\/\/teenchallengepr.org\/cena-de-gala-2023-tcpr\/\",\"url\":\"https:\/\/teenchallengepr.org\/cena-de-gala-2023-tcpr\/\",\"name\":\"Cena de gala 2023 TCPR - TEEN CHALLENGE PUERTO RICO\",\"isPartOf\":{\"@id\":\"https:\/\/teenchallengepr.org\/#website\"},\"primaryImageOfPage\":{\"@id\":\"https:\/\/teenchallengepr.org\/cena-de-gala-2023-tcpr\/#primaryimage\"},\"image\":{\"@id\":\"https:\/\/teenchallengepr.org\/cena-de-gala-2023-tcpr\/#primaryimage\"},\"thumbnailUrl\":\"https:\/\/teenchallengepr.org\/wp-content\/uploads\/2023\/11\/CENA-DE-GALA-TCPR.jpg\",\"datePublished\":\"2023-11-07T02:43:43+00:00\",\"dateModified\":\"2023-11-07T02:47:44+00:00\",\"description\":\"Cena de gala 2023 TCPR\",\"breadcrumb\":{\"@id\":\"https:\/\/teenchallengepr.org\/cena-de-gala-2023-tcpr\/#breadcrumb\"},\"inLanguage\":\"en-US\",\"potentialAction\":[{\"@type\":\"ReadAction\",\"target\":[\"https:\/\/teenchallengepr.org\/cena-de-gala-2023-tcpr\/\"]}]},{\"@type\":\"ImageObject\",\"inLanguage\":\"en-US\",\"@id\":\"https:\/\/teenchallengepr.org\/cena-de-gala-2023-tcpr\/#primaryimage\",\"url\":\"https:\/\/teenchallengepr.org\/wp-content\/uploads\/2023\/11\/CENA-DE-GALA-TCPR.jpg\",\"contentUrl\":\"https:\/\/teenchallengepr.org\/wp-content\/uploads\/2023\/11\/CENA-DE-GALA-TCPR.jpg\",\"width\":1600,\"height\":1204},{\"@type\":\"BreadcrumbList\",\"@id\":\"https:\/\/teenchallengepr.org\/cena-de-gala-2023-tcpr\/#breadcrumb\",\"itemListElement\":[{\"@type\":\"ListItem\",\"position\":1,\"name\":\"Portada\",\"item\":\"https:\/\/teenchallengepr.org\/\"},{\"@type\":\"ListItem\",\"position\":2,\"name\":\"Cena de gala 2023 TCPR\"}]},{\"@type\":\"WebSite\",\"@id\":\"https:\/\/teenchallengepr.org\/#website\",\"url\":\"https:\/\/teenchallengepr.org\/\",\"name\":\"TEEN CHALLENGE PUERTO RICO\",\"description\":\"Poniendo la Esperanza al Alcance de Todos\",\"publisher\":{\"@id\":\"https:\/\/teenchallengepr.org\/#organization\"},\"alternateName\":\"TEEN CHALLENGE PUERTO RICO\",\"potentialAction\":[{\"@type\":\"SearchAction\",\"target\":{\"@type\":\"EntryPoint\",\"urlTemplate\":\"https:\/\/teenchallengepr.org\/?s={search_term_string}\"},\"query-input\":{\"@type\":\"PropertyValueSpecification\",\"valueRequired\":true,\"valueName\":\"search_term_string\"}}],\"inLanguage\":\"en-US\"},{\"@type\":\"Organization\",\"@id\":\"https:\/\/teenchallengepr.org\/#organization\",\"name\":\"Teen Challenge Puerto Rico\",\"alternateName\":\"Teen Challenge Puerto Rico\",\"url\":\"https:\/\/teenchallengepr.org\/\",\"logo\":{\"@type\":\"ImageObject\",\"inLanguage\":\"en-US\",\"@id\":\"https:\/\/teenchallengepr.org\/#\/schema\/logo\/image\/\",\"url\":\"https:\/\/teenchallengepr.org\/wp-content\/uploads\/2020\/05\/logo-medio-teen.png\",\"contentUrl\":\"https:\/\/teenchallengepr.org\/wp-content\/uploads\/2020\/05\/logo-medio-teen.png\",\"width\":559,\"height\":589,\"caption\":\"Teen Challenge Puerto Rico\"},\"image\":{\"@id\":\"https:\/\/teenchallengepr.org\/#\/schema\/logo\/image\/\"},\"sameAs\":[\"https:\/\/www.facebook.com\/TeenChallengePuertoRico\",\"https:\/\/www.instagram.com\/teenchallenge_puertorico\/\",\"https:\/\/www.pinterest.es\/tcpuertorico\/\"]},{\"@type\":\"Person\",\"@id\":\"https:\/\/teenchallengepr.org\/#\/schema\/person\/79c748d2d56c2e26e2bb63a9aea8f3dd\",\"name\":\"jalweb\",\"image\":{\"@type\":\"ImageObject\",\"inLanguage\":\"en-US\",\"@id\":\"https:\/\/teenchallengepr.org\/#\/schema\/person\/image\/\",\"url\":\"https:\/\/secure.gravatar.com\/avatar\/fe4640416e63418cdac352b99fffcfa3223e38ed68d2eea3516a049ff3103ded?s=96&r=r\",\"contentUrl\":\"https:\/\/secure.gravatar.com\/avatar\/fe4640416e63418cdac352b99fffcfa3223e38ed68d2eea3516a049ff3103ded?s=96&r=r\",\"caption\":\"jalweb\"},\"url\":\"https:\/\/teenchallengepr.org\/en\/author\/jalweb\/\"}]}<\/script>\n<!-- \/ Yoast SEO plugin. -->","yoast_head_json":{"title":"Cena de gala 2023 TCPR - TEEN CHALLENGE PUERTO RICO","description":"Cena de gala 2023 TCPR","robots":{"index":"index","follow":"follow","max-snippet":"max-snippet:-1","max-image-preview":"max-image-preview:large","max-video-preview":"max-video-preview:-1"},"canonical":"https:\/\/teenchallengepr.org\/en\/cena-de-gala-2023-tcpr\/","og_locale":"en_US","og_type":"article","og_title":"Cena de gala 2023 TCPR - TEEN CHALLENGE PUERTO RICO","og_description":"Cena de gala 2023 TCPR","og_url":"https:\/\/teenchallengepr.org\/en\/cena-de-gala-2023-tcpr\/","og_site_name":"TEEN CHALLENGE PUERTO RICO","article_publisher":"https:\/\/www.facebook.com\/TeenChallengePuertoRico","article_published_time":"2023-11-07T02:43:43+00:00","article_modified_time":"2023-11-07T02:47:44+00:00","og_image":[{"width":1600,"height":1204,"url":"https:\/\/teenchallengepr.org\/wp-content\/uploads\/2023\/11\/CENA-DE-GALA-TCPR.jpg","type":"image\/jpeg"}],"author":"jalweb","twitter_card":"summary_large_image","twitter_misc":{"Written by":"jalweb","Est. reading time":"1 minute"},"schema":{"@context":"https:\/\/schema.org","@graph":[{"@type":"Article","@id":"https:\/\/teenchallengepr.org\/cena-de-gala-2023-tcpr\/#article","isPartOf":{"@id":"https:\/\/teenchallengepr.org\/cena-de-gala-2023-tcpr\/"},"author":{"name":"jalweb","@id":"https:\/\/teenchallengepr.org\/#\/schema\/person\/79c748d2d56c2e26e2bb63a9aea8f3dd"},"headline":"Cena de gala 2023 TCPR","datePublished":"2023-11-07T02:43:43+00:00","dateModified":"2023-11-07T02:47:44+00:00","mainEntityOfPage":{"@id":"https:\/\/teenchallengepr.org\/cena-de-gala-2023-tcpr\/"},"wordCount":33,"publisher":{"@id":"https:\/\/teenchallengepr.org\/#organization"},"image":{"@id":"https:\/\/teenchallengepr.org\/cena-de-gala-2023-tcpr\/#primaryimage"},"thumbnailUrl":"https:\/\/teenchallengepr.org\/wp-content\/uploads\/2023\/11\/CENA-DE-GALA-TCPR.jpg","articleSection":["Actividades"],"inLanguage":"en-US"},{"@type":"WebPage","@id":"https:\/\/teenchallengepr.org\/cena-de-gala-2023-tcpr\/","url":"https:\/\/teenchallengepr.org\/cena-de-gala-2023-tcpr\/","name":"Cena de gala 2023 TCPR - TEEN CHALLENGE PUERTO RICO","isPartOf":{"@id":"https:\/\/teenchallengepr.org\/#website"},"primaryImageOfPage":{"@id":"https:\/\/teenchallengepr.org\/cena-de-gala-2023-tcpr\/#primaryimage"},"image":{"@id":"https:\/\/teenchallengepr.org\/cena-de-gala-2023-tcpr\/#primaryimage"},"thumbnailUrl":"https:\/\/teenchallengepr.org\/wp-content\/uploads\/2023\/11\/CENA-DE-GALA-TCPR.jpg","datePublished":"2023-11-07T02:43:43+00:00","dateModified":"2023-11-07T02:47:44+00:00","description":"Cena de gala 2023 TCPR","breadcrumb":{"@id":"https:\/\/teenchallengepr.org\/cena-de-gala-2023-tcpr\/#breadcrumb"},"inLanguage":"en-US","potentialAction":[{"@type":"ReadAction","target":["https:\/\/teenchallengepr.org\/cena-de-gala-2023-tcpr\/"]}]},{"@type":"ImageObject","inLanguage":"en-US","@id":"https:\/\/teenchallengepr.org\/cena-de-gala-2023-tcpr\/#primaryimage","url":"https:\/\/teenchallengepr.org\/wp-content\/uploads\/2023\/11\/CENA-DE-GALA-TCPR.jpg","contentUrl":"https:\/\/teenchallengepr.org\/wp-content\/uploads\/2023\/11\/CENA-DE-GALA-TCPR.jpg","width":1600,"height":1204},{"@type":"BreadcrumbList","@id":"https:\/\/teenchallengepr.org\/cena-de-gala-2023-tcpr\/#breadcrumb","itemListElement":[{"@type":"ListItem","position":1,"name":"Portada","item":"https:\/\/teenchallengepr.org\/"},{"@type":"ListItem","position":2,"name":"Cena de gala 2023 TCPR"}]},{"@type":"WebSite","@id":"https:\/\/teenchallengepr.org\/#website","url":"https:\/\/teenchallengepr.org\/","name":"TEEN CHALLENGE PUERTO RICO","description":"Poniendo la Esperanza al Alcance de Todos","publisher":{"@id":"https:\/\/teenchallengepr.org\/#organization"},"alternateName":"TEEN CHALLENGE PUERTO RICO","potentialAction":[{"@type":"SearchAction","target":{"@type":"EntryPoint","urlTemplate":"https:\/\/teenchallengepr.org\/?s={search_term_string}"},"query-input":{"@type":"PropertyValueSpecification","valueRequired":true,"valueName":"search_term_string"}}],"inLanguage":"en-US"},{"@type":"Organization","@id":"https:\/\/teenchallengepr.org\/#organization","name":"Teen Challenge Puerto Rico","alternateName":"Teen Challenge Puerto Rico","url":"https:\/\/teenchallengepr.org\/","logo":{"@type":"ImageObject","inLanguage":"en-US","@id":"https:\/\/teenchallengepr.org\/#\/schema\/logo\/image\/","url":"https:\/\/teenchallengepr.org\/wp-content\/uploads\/2020\/05\/logo-medio-teen.png","contentUrl":"https:\/\/teenchallengepr.org\/wp-content\/uploads\/2020\/05\/logo-medio-teen.png","width":559,"height":589,"caption":"Teen Challenge Puerto Rico"},"image":{"@id":"https:\/\/teenchallengepr.org\/#\/schema\/logo\/image\/"},"sameAs":["https:\/\/www.facebook.com\/TeenChallengePuertoRico","https:\/\/www.instagram.com\/teenchallenge_puertorico\/","https:\/\/www.pinterest.es\/tcpuertorico\/"]},{"@type":"Person","@id":"https:\/\/teenchallengepr.org\/#\/schema\/person\/79c748d2d56c2e26e2bb63a9aea8f3dd","name":"jalweb","image":{"@type":"ImageObject","inLanguage":"en-US","@id":"https:\/\/teenchallengepr.org\/#\/schema\/person\/image\/","url":"https:\/\/secure.gravatar.com\/avatar\/fe4640416e63418cdac352b99fffcfa3223e38ed68d2eea3516a049ff3103ded?s=96&r=r","contentUrl":"https:\/\/secure.gravatar.com\/avatar\/fe4640416e63418cdac352b99fffcfa3223e38ed68d2eea3516a049ff3103ded?s=96&r=r","caption":"jalweb"},"url":"https:\/\/teenchallengepr.org\/en\/author\/jalweb\/"}]}},"_links":{"self":[{"href":"https:\/\/teenchallengepr.org\/en\/wp-json\/wp\/v2\/posts\/9283","targetHints":{"allow":["GET"]}}],"collection":[{"href":"https:\/\/teenchallengepr.org\/en\/wp-json\/wp\/v2\/posts"}],"about":[{"href":"https:\/\/teenchallengepr.org\/en\/wp-json\/wp\/v2\/types\/post"}],"author":[{"embeddable":true,"href":"https:\/\/teenchallengepr.org\/en\/wp-json\/wp\/v2\/users\/1"}],"replies":[{"embeddable":true,"href":"https:\/\/teenchallengepr.org\/en\/wp-json\/wp\/v2\/comments?post=9283"}],"version-history":[{"count":7,"href":"https:\/\/teenchallengepr.org\/en\/wp-json\/wp\/v2\/posts\/9283\/revisions"}],"predecessor-version":[{"id":9292,"href":"https:\/\/teenchallengepr.org\/en\/wp-json\/wp\/v2\/posts\/9283\/revisions\/9292"}],"wp:featuredmedia":[{"embeddable":true,"href":"https:\/\/teenchallengepr.org\/en\/wp-json\/wp\/v2\/media\/9284"}],"wp:attachment":[{"href":"https:\/\/teenchallengepr.org\/en\/wp-json\/wp\/v2\/media?parent=9283"}],"wp:term":[{"taxonomy":"category","embeddable":true,"href":"https:\/\/teenchallengepr.org\/en\/wp-json\/wp\/v2\/categories?post=9283"},{"taxonomy":"post_tag","embeddable":true,"href":"https:\/\/teenchallengepr.org\/en\/wp-json\/wp\/v2\/tags?post=9283"}],"curies":[{"name":"wp","href":"https:\/\/api.w.org\/{rel}","templated":true}]}}