{"id":11704,"date":"2026-09-04T18:52:49","date_gmt":"2026-09-04T22:52:49","guid":{"rendered":"https:\/\/teenchallengepr.org\/?p=11704"},"modified":"2026-09-04T19:04:28","modified_gmt":"2026-09-04T23:04:28","slug":"el-vocero-teen-challenge-recuperacion-salud-mental","status":"publish","type":"post","link":"https:\/\/teenchallengepr.org\/en\/el-vocero-teen-challenge-recuperacion-salud-mental\/","title":{"rendered":"El Vocero destaca llamado a fortalecer el apoyo para la recuperaci\u00f3n en Puerto Rico"},"content":{"rendered":"<p class=\"isSelectedEnd\"><strong>Teen Challenge Puerto Rico<\/strong> contin\u00faa llevando a la discusi\u00f3n p\u00fablica la importancia de fortalecer los recursos, servicios y alianzas dirigidos a las personas que enfrentan trastornos relacionados con el uso de sustancias y la salud mental.<\/p>\n<p class=\"isSelectedEnd\">El peri\u00f3dico <strong>El Vocero<\/strong> destac\u00f3 recientemente el llamado realizado por expertos y l\u00edderes reunidos en Caguas para impulsar un mayor respaldo a los procesos de recuperaci\u00f3n en Puerto Rico. El enfoque de la cobertura resalta la necesidad de continuar fortaleciendo la colaboraci\u00f3n entre el gobierno, los profesionales de la salud y las organizaciones comunitarias.<\/p>\n<h2>Recuperaci\u00f3n, salud mental y apoyo comunitario<\/h2>\n<p class=\"isSelectedEnd\">La conversaci\u00f3n forma parte de los esfuerzos realizados durante el <strong>Mes de la Recuperaci\u00f3n<\/strong>, per\u00edodo en el que Teen Challenge Puerto Rico ha promovido espacios de educaci\u00f3n, prevenci\u00f3n y concienciaci\u00f3n sobre los trastornos por uso de sustancias y la salud mental.<\/p>\n<p class=\"isSelectedEnd\">El <strong>Congreso Comunitario de Salud Mental y Adicciones 2026<\/strong>, celebrado en Caguas, reuni\u00f3 a profesionales y l\u00edderes comunitarios para dialogar sobre los retos que enfrenta Puerto Rico en estas \u00e1reas y sobre la importancia de ampliar el acceso a oportunidades y recursos para quienes buscan comenzar o continuar un proceso de recuperaci\u00f3n.<\/p>\n<h2>Un esfuerzo que requiere la participaci\u00f3n de todos<\/h2>\n<p class=\"isSelectedEnd\">La recuperaci\u00f3n no depende \u00fanicamente de una persona o una organizaci\u00f3n. Requiere colaboraci\u00f3n, recursos adecuados, acompa\u00f1amiento familiar y comunitario, adem\u00e1s de una estructura que permita brindar continuidad a los servicios.<\/p>\n<p class=\"isSelectedEnd\">Desde <strong>Teen Challenge Puerto Rico<\/strong>, continuamos promoviendo alianzas que permitan llevar esperanza y nuevas oportunidades a m\u00e1s personas y familias.<\/p>\n<p class=\"isSelectedEnd\">Nuestro mensaje permanece firme:<\/p>\n<p class=\"isSelectedEnd\"><strong>La recuperaci\u00f3n es posible y juntos podemos contribuir a crear caminos de transformaci\u00f3n.<\/strong><\/p>\n<h2>Gratitud por amplificar este mensaje<\/h2>\n<p class=\"isSelectedEnd\">En este <strong>A\u00f1o de la Gratitud<\/strong>, agradecemos a <strong>El Vocero<\/strong> por brindar espacio a un tema que impacta directamente a nuestras comunidades y por contribuir a mantener visible la necesidad de fortalecer los esfuerzos relacionados con la recuperaci\u00f3n y la salud mental.<\/p>\n<p class=\"isSelectedEnd\">Cada cobertura representa una nueva oportunidad para educar, crear conciencia y lograr que una persona o familia conozca que existen recursos y organizaciones dispuestas a acompa\u00f1arlas.<\/p>\n<p class=\"isSelectedEnd\">Agradecemos igualmente a los profesionales, l\u00edderes comunitarios, colaboradores, voluntarios y organizaciones que contin\u00faan trabajando junto a Teen Challenge Puerto Rico.<\/p>\n<p class=\"isSelectedEnd\"><strong>Seguimos transformando vidas, fortaleciendo familias y construyendo esperanza.<\/strong><\/p>\n<p><strong>Lee la publicaci\u00f3n de El Vocero:<\/strong><br \/>\n<a href=\"https:\/\/www.elvocero.com\/actualidad\/salud-mental-y-adicciones-expertos-reclaman-m-s-apoyo-para-la-recuperaci-n-en-la\/article_92bf0e9e-64b2-4ab2-874f-3767b48baa24.html\" data-rich-text-autolink=\"\">https:\/\/www.elvocero.com\/actualidad\/salud-mental-y-adicciones-expertos-reclaman-m-s-apoyo-para-la-recuperaci-n-en-la\/article_92bf0e9e-64b2-4ab2-874f-3767b48baa24.html<\/a><\/p>","protected":false},"excerpt":{"rendered":"<p>Teen Challenge Puerto Rico contin\u00faa llevando a la discusi\u00f3n p\u00fablica la importancia de fortalecer los recursos, servicios y alianzas dirigidos a las personas que enfrentan trastornos relacionados con el uso de sustancias y la salud mental. El peri\u00f3dico El Vocero destac\u00f3 recientemente el llamado realizado por expertos y l\u00edderes reunidos en Caguas para impulsar un [&hellip;]<\/p>","protected":false},"author":1,"featured_media":11705,"comment_status":"closed","ping_status":"open","sticky":false,"template":"","format":"standard","meta":{"footnotes":""},"categories":[28],"tags":[129,93,128,116,110,117],"class_list":["post-11704","post","type-post","status-publish","format-standard","has-post-thumbnail","hentry","category-publicaciones","tag-congreso-salud-mental-y-adicciones","tag-dr-israel-figueroa","tag-el-vocero-teen-challenge","tag-mes-de-la-recuperacion","tag-recuperacion-de-adicciones","tag-salud-mental-puerto-rico"],"yoast_head":"<!-- This site is optimized with the Yoast SEO plugin v28.4 - https:\/\/yoast.com\/product\/yoast-seo-wordpress\/ -->\n<title>El Vocero destaca llamado a fortalecer el apoyo para la recuperaci\u00f3n en Puerto Rico - TEEN CHALLENGE PUERTO RICO<\/title>\n<meta name=\"description\" content=\"El Vocero destaca el llamado de expertos a fortalecer el apoyo para la recuperaci\u00f3n, la salud mental y las adicciones durante iniciativas de Teen Challenge Puerto Rico.\" \/>\n<meta name=\"robots\" content=\"index, follow, max-snippet:-1, max-image-preview:large, max-video-preview:-1\" \/>\n<link rel=\"canonical\" href=\"https:\/\/teenchallengepr.org\/en\/el-vocero-teen-challenge-recuperacion-salud-mental\/\" \/>\n<meta property=\"og:locale\" content=\"en_US\" \/>\n<meta property=\"og:type\" content=\"article\" \/>\n<meta property=\"og:title\" content=\"El Vocero destaca llamado a fortalecer el apoyo para la recuperaci\u00f3n en Puerto Rico - TEEN CHALLENGE PUERTO RICO\" \/>\n<meta property=\"og:description\" content=\"El Vocero destaca el llamado de expertos a fortalecer el apoyo para la recuperaci\u00f3n, la salud mental y las adicciones durante iniciativas de Teen Challenge Puerto Rico.\" \/>\n<meta property=\"og:url\" content=\"https:\/\/teenchallengepr.org\/en\/el-vocero-teen-challenge-recuperacion-salud-mental\/\" \/>\n<meta property=\"og:site_name\" content=\"TEEN CHALLENGE PUERTO RICO\" \/>\n<meta property=\"article:publisher\" content=\"https:\/\/www.facebook.com\/TeenChallengePuertoRico\" \/>\n<meta property=\"article:published_time\" content=\"2026-09-04T22:52:49+00:00\" \/>\n<meta property=\"article:modified_time\" content=\"2026-09-04T23:04:28+00:00\" \/>\n<meta property=\"og:image\" content=\"https:\/\/teenchallengepr.org\/wp-content\/uploads\/2026\/09\/Dr.-Israel-figueroa-congreso-comunitario.png\" \/>\n\t<meta property=\"og:image:width\" content=\"1800\" \/>\n\t<meta property=\"og:image:height\" content=\"1071\" \/>\n\t<meta property=\"og:image:type\" content=\"image\/png\" \/>\n<meta name=\"author\" content=\"jalweb\" \/>\n<meta name=\"twitter:card\" content=\"summary_large_image\" \/>\n<meta name=\"twitter:label1\" content=\"Written by\" \/>\n\t<meta name=\"twitter:data1\" content=\"jalweb\" \/>\n\t<meta name=\"twitter:label2\" content=\"Est. reading time\" \/>\n\t<meta name=\"twitter:data2\" content=\"2 minutes\" \/>\n<script type=\"application\/ld+json\" class=\"yoast-schema-graph\">{\"@context\":\"https:\\\/\\\/schema.org\",\"@graph\":[{\"@type\":\"Article\",\"@id\":\"https:\\\/\\\/teenchallengepr.org\\\/el-vocero-teen-challenge-recuperacion-salud-mental\\\/#article\",\"isPartOf\":{\"@id\":\"https:\\\/\\\/teenchallengepr.org\\\/el-vocero-teen-challenge-recuperacion-salud-mental\\\/\"},\"author\":{\"name\":\"jalweb\",\"@id\":\"https:\\\/\\\/teenchallengepr.org\\\/#\\\/schema\\\/person\\\/79c748d2d56c2e26e2bb63a9aea8f3dd\"},\"headline\":\"El Vocero destaca llamado a fortalecer el apoyo para la recuperaci\u00f3n en Puerto Rico\",\"datePublished\":\"2026-09-04T22:52:49+00:00\",\"dateModified\":\"2026-09-04T23:04:28+00:00\",\"mainEntityOfPage\":{\"@id\":\"https:\\\/\\\/teenchallengepr.org\\\/el-vocero-teen-challenge-recuperacion-salud-mental\\\/\"},\"wordCount\":434,\"publisher\":{\"@id\":\"https:\\\/\\\/teenchallengepr.org\\\/#organization\"},\"image\":{\"@id\":\"https:\\\/\\\/teenchallengepr.org\\\/el-vocero-teen-challenge-recuperacion-salud-mental\\\/#primaryimage\"},\"thumbnailUrl\":\"https:\\\/\\\/teenchallengepr.org\\\/wp-content\\\/uploads\\\/2026\\\/09\\\/Dr.-Israel-figueroa-congreso-comunitario.png\",\"keywords\":[\"Congreso Salud Mental y Adicciones\",\"Dr. Israel Figueroa\",\"El Vocero Teen Challenge\",\"Mes de la Recuperaci\u00f3n\",\"recuperaci\u00f3n de adicciones\",\"salud mental Puerto Rico\"],\"articleSection\":[\"Publicaciones\"],\"inLanguage\":\"en-US\"},{\"@type\":\"WebPage\",\"@id\":\"https:\\\/\\\/teenchallengepr.org\\\/el-vocero-teen-challenge-recuperacion-salud-mental\\\/\",\"url\":\"https:\\\/\\\/teenchallengepr.org\\\/el-vocero-teen-challenge-recuperacion-salud-mental\\\/\",\"name\":\"El Vocero destaca llamado a fortalecer el apoyo para la recuperaci\u00f3n en Puerto Rico - TEEN CHALLENGE PUERTO RICO\",\"isPartOf\":{\"@id\":\"https:\\\/\\\/teenchallengepr.org\\\/#website\"},\"primaryImageOfPage\":{\"@id\":\"https:\\\/\\\/teenchallengepr.org\\\/el-vocero-teen-challenge-recuperacion-salud-mental\\\/#primaryimage\"},\"image\":{\"@id\":\"https:\\\/\\\/teenchallengepr.org\\\/el-vocero-teen-challenge-recuperacion-salud-mental\\\/#primaryimage\"},\"thumbnailUrl\":\"https:\\\/\\\/teenchallengepr.org\\\/wp-content\\\/uploads\\\/2026\\\/09\\\/Dr.-Israel-figueroa-congreso-comunitario.png\",\"datePublished\":\"2026-09-04T22:52:49+00:00\",\"dateModified\":\"2026-09-04T23:04:28+00:00\",\"description\":\"El Vocero destaca el llamado de expertos a fortalecer el apoyo para la recuperaci\u00f3n, la salud mental y las adicciones durante iniciativas de Teen Challenge Puerto Rico.\",\"breadcrumb\":{\"@id\":\"https:\\\/\\\/teenchallengepr.org\\\/el-vocero-teen-challenge-recuperacion-salud-mental\\\/#breadcrumb\"},\"inLanguage\":\"en-US\",\"potentialAction\":[{\"@type\":\"ReadAction\",\"target\":[\"https:\\\/\\\/teenchallengepr.org\\\/el-vocero-teen-challenge-recuperacion-salud-mental\\\/\"]}]},{\"@type\":\"ImageObject\",\"inLanguage\":\"en-US\",\"@id\":\"https:\\\/\\\/teenchallengepr.org\\\/el-vocero-teen-challenge-recuperacion-salud-mental\\\/#primaryimage\",\"url\":\"https:\\\/\\\/teenchallengepr.org\\\/wp-content\\\/uploads\\\/2026\\\/09\\\/Dr.-Israel-figueroa-congreso-comunitario.png\",\"contentUrl\":\"https:\\\/\\\/teenchallengepr.org\\\/wp-content\\\/uploads\\\/2026\\\/09\\\/Dr.-Israel-figueroa-congreso-comunitario.png\",\"width\":1800,\"height\":1071},{\"@type\":\"BreadcrumbList\",\"@id\":\"https:\\\/\\\/teenchallengepr.org\\\/el-vocero-teen-challenge-recuperacion-salud-mental\\\/#breadcrumb\",\"itemListElement\":[{\"@type\":\"ListItem\",\"position\":1,\"name\":\"Portada\",\"item\":\"https:\\\/\\\/teenchallengepr.org\\\/\"},{\"@type\":\"ListItem\",\"position\":2,\"name\":\"El Vocero destaca llamado a fortalecer el apoyo para la recuperaci\u00f3n en Puerto Rico\"}]},{\"@type\":\"WebSite\",\"@id\":\"https:\\\/\\\/teenchallengepr.org\\\/#website\",\"url\":\"https:\\\/\\\/teenchallengepr.org\\\/\",\"name\":\"TEEN CHALLENGE PUERTO RICO\",\"description\":\"Poniendo la Esperanza al Alcance de Todos\",\"publisher\":{\"@id\":\"https:\\\/\\\/teenchallengepr.org\\\/#organization\"},\"alternateName\":\"TEEN CHALLENGE PUERTO RICO\",\"potentialAction\":[{\"@type\":\"SearchAction\",\"target\":{\"@type\":\"EntryPoint\",\"urlTemplate\":\"https:\\\/\\\/teenchallengepr.org\\\/?s={search_term_string}\"},\"query-input\":{\"@type\":\"PropertyValueSpecification\",\"valueRequired\":true,\"valueName\":\"search_term_string\"}}],\"inLanguage\":\"en-US\"},{\"@type\":\"Organization\",\"@id\":\"https:\\\/\\\/teenchallengepr.org\\\/#organization\",\"name\":\"Teen Challenge Puerto Rico\",\"alternateName\":\"Teen Challenge Puerto Rico\",\"url\":\"https:\\\/\\\/teenchallengepr.org\\\/\",\"logo\":{\"@type\":\"ImageObject\",\"inLanguage\":\"en-US\",\"@id\":\"https:\\\/\\\/teenchallengepr.org\\\/#\\\/schema\\\/logo\\\/image\\\/\",\"url\":\"https:\\\/\\\/teenchallengepr.org\\\/wp-content\\\/uploads\\\/2020\\\/05\\\/logo-medio-teen.png\",\"contentUrl\":\"https:\\\/\\\/teenchallengepr.org\\\/wp-content\\\/uploads\\\/2020\\\/05\\\/logo-medio-teen.png\",\"width\":559,\"height\":589,\"caption\":\"Teen Challenge Puerto Rico\"},\"image\":{\"@id\":\"https:\\\/\\\/teenchallengepr.org\\\/#\\\/schema\\\/logo\\\/image\\\/\"},\"sameAs\":[\"https:\\\/\\\/www.facebook.com\\\/TeenChallengePuertoRico\",\"https:\\\/\\\/www.instagram.com\\\/teenchallenge_puertorico\\\/\",\"https:\\\/\\\/www.pinterest.es\\\/tcpuertorico\\\/\"]},{\"@type\":\"Person\",\"@id\":\"https:\\\/\\\/teenchallengepr.org\\\/#\\\/schema\\\/person\\\/79c748d2d56c2e26e2bb63a9aea8f3dd\",\"name\":\"jalweb\",\"image\":{\"@type\":\"ImageObject\",\"inLanguage\":\"en-US\",\"@id\":\"https:\\\/\\\/secure.gravatar.com\\\/avatar\\\/fe4640416e63418cdac352b99fffcfa3223e38ed68d2eea3516a049ff3103ded?s=96&r=r\",\"url\":\"https:\\\/\\\/secure.gravatar.com\\\/avatar\\\/fe4640416e63418cdac352b99fffcfa3223e38ed68d2eea3516a049ff3103ded?s=96&r=r\",\"contentUrl\":\"https:\\\/\\\/secure.gravatar.com\\\/avatar\\\/fe4640416e63418cdac352b99fffcfa3223e38ed68d2eea3516a049ff3103ded?s=96&r=r\",\"caption\":\"jalweb\"},\"url\":\"https:\\\/\\\/teenchallengepr.org\\\/en\\\/author\\\/jalweb\\\/\"}]}<\/script>\n<!-- \/ Yoast SEO plugin. -->","yoast_head_json":{"title":"El Vocero destaca llamado a fortalecer el apoyo para la recuperaci\u00f3n en Puerto Rico - TEEN CHALLENGE PUERTO RICO","description":"El Vocero destaca el llamado de expertos a fortalecer el apoyo para la recuperaci\u00f3n, la salud mental y las adicciones durante iniciativas de Teen Challenge Puerto Rico.","robots":{"index":"index","follow":"follow","max-snippet":"max-snippet:-1","max-image-preview":"max-image-preview:large","max-video-preview":"max-video-preview:-1"},"canonical":"https:\/\/teenchallengepr.org\/en\/el-vocero-teen-challenge-recuperacion-salud-mental\/","og_locale":"en_US","og_type":"article","og_title":"El Vocero destaca llamado a fortalecer el apoyo para la recuperaci\u00f3n en Puerto Rico - TEEN CHALLENGE PUERTO RICO","og_description":"El Vocero destaca el llamado de expertos a fortalecer el apoyo para la recuperaci\u00f3n, la salud mental y las adicciones durante iniciativas de Teen Challenge Puerto Rico.","og_url":"https:\/\/teenchallengepr.org\/en\/el-vocero-teen-challenge-recuperacion-salud-mental\/","og_site_name":"TEEN CHALLENGE PUERTO RICO","article_publisher":"https:\/\/www.facebook.com\/TeenChallengePuertoRico","article_published_time":"2026-09-04T22:52:49+00:00","article_modified_time":"2026-09-04T23:04:28+00:00","og_image":[{"width":1800,"height":1071,"url":"https:\/\/teenchallengepr.org\/wp-content\/uploads\/2026\/09\/Dr.-Israel-figueroa-congreso-comunitario.png","type":"image\/png"}],"author":"jalweb","twitter_card":"summary_large_image","twitter_misc":{"Written by":"jalweb","Est. reading time":"2 minutes"},"schema":{"@context":"https:\/\/schema.org","@graph":[{"@type":"Article","@id":"https:\/\/teenchallengepr.org\/el-vocero-teen-challenge-recuperacion-salud-mental\/#article","isPartOf":{"@id":"https:\/\/teenchallengepr.org\/el-vocero-teen-challenge-recuperacion-salud-mental\/"},"author":{"name":"jalweb","@id":"https:\/\/teenchallengepr.org\/#\/schema\/person\/79c748d2d56c2e26e2bb63a9aea8f3dd"},"headline":"El Vocero destaca llamado a fortalecer el apoyo para la recuperaci\u00f3n en Puerto Rico","datePublished":"2026-09-04T22:52:49+00:00","dateModified":"2026-09-04T23:04:28+00:00","mainEntityOfPage":{"@id":"https:\/\/teenchallengepr.org\/el-vocero-teen-challenge-recuperacion-salud-mental\/"},"wordCount":434,"publisher":{"@id":"https:\/\/teenchallengepr.org\/#organization"},"image":{"@id":"https:\/\/teenchallengepr.org\/el-vocero-teen-challenge-recuperacion-salud-mental\/#primaryimage"},"thumbnailUrl":"https:\/\/teenchallengepr.org\/wp-content\/uploads\/2026\/09\/Dr.-Israel-figueroa-congreso-comunitario.png","keywords":["Congreso Salud Mental y Adicciones","Dr. Israel Figueroa","El Vocero Teen Challenge","Mes de la Recuperaci\u00f3n","recuperaci\u00f3n de adicciones","salud mental Puerto Rico"],"articleSection":["Publicaciones"],"inLanguage":"en-US"},{"@type":"WebPage","@id":"https:\/\/teenchallengepr.org\/el-vocero-teen-challenge-recuperacion-salud-mental\/","url":"https:\/\/teenchallengepr.org\/el-vocero-teen-challenge-recuperacion-salud-mental\/","name":"El Vocero destaca llamado a fortalecer el apoyo para la recuperaci\u00f3n en Puerto Rico - TEEN CHALLENGE PUERTO RICO","isPartOf":{"@id":"https:\/\/teenchallengepr.org\/#website"},"primaryImageOfPage":{"@id":"https:\/\/teenchallengepr.org\/el-vocero-teen-challenge-recuperacion-salud-mental\/#primaryimage"},"image":{"@id":"https:\/\/teenchallengepr.org\/el-vocero-teen-challenge-recuperacion-salud-mental\/#primaryimage"},"thumbnailUrl":"https:\/\/teenchallengepr.org\/wp-content\/uploads\/2026\/09\/Dr.-Israel-figueroa-congreso-comunitario.png","datePublished":"2026-09-04T22:52:49+00:00","dateModified":"2026-09-04T23:04:28+00:00","description":"El Vocero destaca el llamado de expertos a fortalecer el apoyo para la recuperaci\u00f3n, la salud mental y las adicciones durante iniciativas de Teen Challenge Puerto Rico.","breadcrumb":{"@id":"https:\/\/teenchallengepr.org\/el-vocero-teen-challenge-recuperacion-salud-mental\/#breadcrumb"},"inLanguage":"en-US","potentialAction":[{"@type":"ReadAction","target":["https:\/\/teenchallengepr.org\/el-vocero-teen-challenge-recuperacion-salud-mental\/"]}]},{"@type":"ImageObject","inLanguage":"en-US","@id":"https:\/\/teenchallengepr.org\/el-vocero-teen-challenge-recuperacion-salud-mental\/#primaryimage","url":"https:\/\/teenchallengepr.org\/wp-content\/uploads\/2026\/09\/Dr.-Israel-figueroa-congreso-comunitario.png","contentUrl":"https:\/\/teenchallengepr.org\/wp-content\/uploads\/2026\/09\/Dr.-Israel-figueroa-congreso-comunitario.png","width":1800,"height":1071},{"@type":"BreadcrumbList","@id":"https:\/\/teenchallengepr.org\/el-vocero-teen-challenge-recuperacion-salud-mental\/#breadcrumb","itemListElement":[{"@type":"ListItem","position":1,"name":"Portada","item":"https:\/\/teenchallengepr.org\/"},{"@type":"ListItem","position":2,"name":"El Vocero destaca llamado a fortalecer el apoyo para la recuperaci\u00f3n en Puerto Rico"}]},{"@type":"WebSite","@id":"https:\/\/teenchallengepr.org\/#website","url":"https:\/\/teenchallengepr.org\/","name":"TEEN CHALLENGE PUERTO RICO","description":"Poniendo la Esperanza al Alcance de Todos","publisher":{"@id":"https:\/\/teenchallengepr.org\/#organization"},"alternateName":"TEEN CHALLENGE PUERTO RICO","potentialAction":[{"@type":"SearchAction","target":{"@type":"EntryPoint","urlTemplate":"https:\/\/teenchallengepr.org\/?s={search_term_string}"},"query-input":{"@type":"PropertyValueSpecification","valueRequired":true,"valueName":"search_term_string"}}],"inLanguage":"en-US"},{"@type":"Organization","@id":"https:\/\/teenchallengepr.org\/#organization","name":"Teen Challenge Puerto Rico","alternateName":"Teen Challenge Puerto Rico","url":"https:\/\/teenchallengepr.org\/","logo":{"@type":"ImageObject","inLanguage":"en-US","@id":"https:\/\/teenchallengepr.org\/#\/schema\/logo\/image\/","url":"https:\/\/teenchallengepr.org\/wp-content\/uploads\/2020\/05\/logo-medio-teen.png","contentUrl":"https:\/\/teenchallengepr.org\/wp-content\/uploads\/2020\/05\/logo-medio-teen.png","width":559,"height":589,"caption":"Teen Challenge Puerto Rico"},"image":{"@id":"https:\/\/teenchallengepr.org\/#\/schema\/logo\/image\/"},"sameAs":["https:\/\/www.facebook.com\/TeenChallengePuertoRico","https:\/\/www.instagram.com\/teenchallenge_puertorico\/","https:\/\/www.pinterest.es\/tcpuertorico\/"]},{"@type":"Person","@id":"https:\/\/teenchallengepr.org\/#\/schema\/person\/79c748d2d56c2e26e2bb63a9aea8f3dd","name":"jalweb","image":{"@type":"ImageObject","inLanguage":"en-US","@id":"https:\/\/secure.gravatar.com\/avatar\/fe4640416e63418cdac352b99fffcfa3223e38ed68d2eea3516a049ff3103ded?s=96&r=r","url":"https:\/\/secure.gravatar.com\/avatar\/fe4640416e63418cdac352b99fffcfa3223e38ed68d2eea3516a049ff3103ded?s=96&r=r","contentUrl":"https:\/\/secure.gravatar.com\/avatar\/fe4640416e63418cdac352b99fffcfa3223e38ed68d2eea3516a049ff3103ded?s=96&r=r","caption":"jalweb"},"url":"https:\/\/teenchallengepr.org\/en\/author\/jalweb\/"}]}},"_links":{"self":[{"href":"https:\/\/teenchallengepr.org\/en\/wp-json\/wp\/v2\/posts\/11704","targetHints":{"allow":["GET"]}}],"collection":[{"href":"https:\/\/teenchallengepr.org\/en\/wp-json\/wp\/v2\/posts"}],"about":[{"href":"https:\/\/teenchallengepr.org\/en\/wp-json\/wp\/v2\/types\/post"}],"author":[{"embeddable":true,"href":"https:\/\/teenchallengepr.org\/en\/wp-json\/wp\/v2\/users\/1"}],"replies":[{"embeddable":true,"href":"https:\/\/teenchallengepr.org\/en\/wp-json\/wp\/v2\/comments?post=11704"}],"version-history":[{"count":2,"href":"https:\/\/teenchallengepr.org\/en\/wp-json\/wp\/v2\/posts\/11704\/revisions"}],"predecessor-version":[{"id":11707,"href":"https:\/\/teenchallengepr.org\/en\/wp-json\/wp\/v2\/posts\/11704\/revisions\/11707"}],"wp:featuredmedia":[{"embeddable":true,"href":"https:\/\/teenchallengepr.org\/en\/wp-json\/wp\/v2\/media\/11705"}],"wp:attachment":[{"href":"https:\/\/teenchallengepr.org\/en\/wp-json\/wp\/v2\/media?parent=11704"}],"wp:term":[{"taxonomy":"category","embeddable":true,"href":"https:\/\/teenchallengepr.org\/en\/wp-json\/wp\/v2\/categories?post=11704"},{"taxonomy":"post_tag","embeddable":true,"href":"https:\/\/teenchallengepr.org\/en\/wp-json\/wp\/v2\/tags?post=11704"}],"curies":[{"name":"wp","href":"https:\/\/api.w.org\/{rel}","templated":true}]}}