{"id":11695,"date":"2026-09-03T20:54:24","date_gmt":"2026-09-04T00:54:24","guid":{"rendered":"https:\/\/teenchallengepr.org\/?p=11695"},"modified":"2026-09-03T20:54:24","modified_gmt":"2026-09-04T00:54:24","slug":"teen-challenge-puerto-rico-invita-al-encendido-del-capitolio-por-el-mes-de-la-recuperacion","status":"publish","type":"post","link":"https:\/\/teenchallengepr.org\/en\/teen-challenge-puerto-rico-invita-al-encendido-del-capitolio-por-el-mes-de-la-recuperacion\/","title":{"rendered":"Teen Challenge Puerto Rico invita al Encendido del Capitolio por el Mes de la Recuperaci\u00f3n"},"content":{"rendered":"<p class=\"PDq2pG_selectionAnchorContainer\" data-start=\"113\" data-end=\"410\">El Capitolio de Puerto Rico se iluminar\u00e1 con los colores de Teen Challenge durante el Mes de la Recuperaci\u00f3n<\/p>\n<p class=\"PDq2pG_selectionAnchorContainer\" data-start=\"113\" data-end=\"410\">Como parte de las actividades del <strong data-start=\"147\" data-end=\"173\">Mes de la Recuperaci\u00f3n<\/strong>, Teen Challenge Puerto Rico invita a la comunidad a participar del <strong data-start=\"241\" data-end=\"283\">Encendido del Capitolio de Puerto Rico<\/strong>, una actividad especial en la que este emblem\u00e1tico edificio ser\u00e1 iluminado con los colores representativos de la organizaci\u00f3n.<\/p>\n<p data-start=\"412\" data-end=\"555\">El encuentro se llevar\u00e1 a cabo el <strong data-start=\"446\" data-end=\"554\">martes, 8 de septiembre de 2026, a las 6:00 p. m., en las Escalinatas Norte del Capitolio de Puerto Rico<\/strong>.<\/p>\n<p data-start=\"557\" data-end=\"826\">Esta iniciativa busca llevar un mensaje p\u00fablico de <strong data-start=\"608\" data-end=\"652\">esperanza, restauraci\u00f3n y transformaci\u00f3n<\/strong>, destacando que la recuperaci\u00f3n es posible y reconociendo el esfuerzo de quienes trabajan cada d\u00eda para superar los trastornos por uso de sustancias y reconstruir sus vidas.<\/p>\n<p data-start=\"828\" data-end=\"1133\">En este <strong data-start=\"836\" data-end=\"858\">A\u00f1o de la Gratitud<\/strong>, Teen Challenge Puerto Rico agradece a Dios por cada vida restaurada, por las familias que contin\u00faan acompa\u00f1ando los procesos de recuperaci\u00f3n y por las instituciones, colaboradores, auspiciadores y comunidades que respaldan esta misi\u00f3n.<\/p>\n<p data-start=\"1135\" data-end=\"1385\">El <strong data-start=\"1138\" data-end=\"1161\">Dr. Israel Figueroa<\/strong>, junto al equipo de Teen Challenge Puerto Rico, extiende una invitaci\u00f3n abierta a participantes, familiares, amigos, organizaciones, l\u00edderes comunitarios y al p\u00fablico en general a acompa\u00f1arnos en este significativo momento.<\/p>\n<h3 data-section-id=\"qlue96\" data-start=\"1387\" data-end=\"1410\">Detalles del evento<\/h3>\n<p data-start=\"1412\" data-end=\"1624\"><strong data-start=\"1412\" data-end=\"1422\">Fecha:<\/strong> Martes, 8 de septiembre de 2026<br data-start=\"1454\" data-end=\"1457\" \/><strong data-start=\"1457\" data-end=\"1466\">Hora:<\/strong> 6:00 p. m.<br data-start=\"1477\" data-end=\"1480\" \/><strong data-start=\"1480\" data-end=\"1490\">Lugar:<\/strong> Escalinatas Norte del Capitolio de Puerto Rico<br data-start=\"1537\" data-end=\"1540\" \/><strong data-start=\"1540\" data-end=\"1554\">Actividad:<\/strong> Encendido del Capitolio con los colores de Teen Challenge Puerto Rico<\/p>\n<p data-start=\"1626\" data-end=\"1673\"><strong data-start=\"1626\" data-end=\"1673\">Transformando vidas. Restaurando esperanza.<\/strong><\/p>","protected":false},"excerpt":{"rendered":"<p>El Capitolio de Puerto Rico se iluminar\u00e1 con los colores de Teen Challenge durante el Mes de la Recuperaci\u00f3n Como parte de las actividades del Mes de la Recuperaci\u00f3n, Teen Challenge Puerto Rico invita a la comunidad a participar del Encendido del Capitolio de Puerto Rico, una actividad especial en la que este emblem\u00e1tico edificio [&hellip;]<\/p>","protected":false},"author":1,"featured_media":11697,"comment_status":"closed","ping_status":"open","sticky":false,"template":"","format":"standard","meta":{"footnotes":""},"categories":[28],"tags":[],"class_list":["post-11695","post","type-post","status-publish","format-standard","has-post-thumbnail","hentry","category-publicaciones"],"yoast_head":"<!-- This site is optimized with the Yoast SEO plugin v28.3 - https:\/\/yoast.com\/product\/yoast-seo-wordpress\/ -->\n<title>Teen Challenge Puerto Rico invita al Encendido del Capitolio por el Mes de la Recuperaci\u00f3n - TEEN CHALLENGE PUERTO RICO<\/title>\n<meta name=\"description\" content=\"Teen Challenge Puerto Rico invita al Encendido del Capitolio el 8 de septiembre de 2026, una actividad especial en apoyo al Mes de la Recuperaci\u00f3n y al mensaje de esperanza y restauraci\u00f3n.\" \/>\n<meta name=\"robots\" content=\"index, follow, max-snippet:-1, max-image-preview:large, max-video-preview:-1\" \/>\n<link rel=\"canonical\" href=\"https:\/\/teenchallengepr.org\/en\/teen-challenge-puerto-rico-invita-al-encendido-del-capitolio-por-el-mes-de-la-recuperacion\/\" \/>\n<meta property=\"og:locale\" content=\"en_US\" \/>\n<meta property=\"og:type\" content=\"article\" \/>\n<meta property=\"og:title\" content=\"Teen Challenge Puerto Rico invita al Encendido del Capitolio por el Mes de la Recuperaci\u00f3n - TEEN CHALLENGE PUERTO RICO\" \/>\n<meta property=\"og:description\" content=\"Teen Challenge Puerto Rico invita al Encendido del Capitolio el 8 de septiembre de 2026, una actividad especial en apoyo al Mes de la Recuperaci\u00f3n y al mensaje de esperanza y restauraci\u00f3n.\" \/>\n<meta property=\"og:url\" content=\"https:\/\/teenchallengepr.org\/en\/teen-challenge-puerto-rico-invita-al-encendido-del-capitolio-por-el-mes-de-la-recuperacion\/\" \/>\n<meta property=\"og:site_name\" content=\"TEEN CHALLENGE PUERTO RICO\" \/>\n<meta property=\"article:publisher\" content=\"https:\/\/www.facebook.com\/TeenChallengePuertoRico\" \/>\n<meta property=\"article:published_time\" content=\"2026-09-04T00:54:24+00:00\" \/>\n<meta property=\"og:image\" content=\"https:\/\/teenchallengepr.org\/wp-content\/uploads\/2026\/09\/El-Capitolio-de-Puerto-Rico-se-iluminara-con-los-colores-de-Teen-Challenge-durante-el-Mes-de-la-Recuperacion.png\" \/>\n\t<meta property=\"og:image:width\" content=\"1080\" \/>\n\t<meta property=\"og:image:height\" content=\"1350\" \/>\n\t<meta property=\"og:image:type\" content=\"image\/png\" \/>\n<meta name=\"author\" content=\"jalweb\" \/>\n<meta name=\"twitter:card\" content=\"summary_large_image\" \/>\n<meta name=\"twitter:label1\" content=\"Written by\" \/>\n\t<meta name=\"twitter:data1\" content=\"jalweb\" \/>\n\t<meta name=\"twitter:label2\" content=\"Est. reading time\" \/>\n\t<meta name=\"twitter:data2\" content=\"2 minutes\" \/>\n<script type=\"application\/ld+json\" class=\"yoast-schema-graph\">{\"@context\":\"https:\\\/\\\/schema.org\",\"@graph\":[{\"@type\":\"Article\",\"@id\":\"https:\\\/\\\/teenchallengepr.org\\\/teen-challenge-puerto-rico-invita-al-encendido-del-capitolio-por-el-mes-de-la-recuperacion\\\/#article\",\"isPartOf\":{\"@id\":\"https:\\\/\\\/teenchallengepr.org\\\/teen-challenge-puerto-rico-invita-al-encendido-del-capitolio-por-el-mes-de-la-recuperacion\\\/\"},\"author\":{\"name\":\"jalweb\",\"@id\":\"https:\\\/\\\/teenchallengepr.org\\\/#\\\/schema\\\/person\\\/79c748d2d56c2e26e2bb63a9aea8f3dd\"},\"headline\":\"Teen Challenge Puerto Rico invita al Encendido del Capitolio por el Mes de la Recuperaci\u00f3n\",\"datePublished\":\"2026-09-04T00:54:24+00:00\",\"mainEntityOfPage\":{\"@id\":\"https:\\\/\\\/teenchallengepr.org\\\/teen-challenge-puerto-rico-invita-al-encendido-del-capitolio-por-el-mes-de-la-recuperacion\\\/\"},\"wordCount\":269,\"publisher\":{\"@id\":\"https:\\\/\\\/teenchallengepr.org\\\/#organization\"},\"image\":{\"@id\":\"https:\\\/\\\/teenchallengepr.org\\\/teen-challenge-puerto-rico-invita-al-encendido-del-capitolio-por-el-mes-de-la-recuperacion\\\/#primaryimage\"},\"thumbnailUrl\":\"https:\\\/\\\/teenchallengepr.org\\\/wp-content\\\/uploads\\\/2026\\\/09\\\/El-Capitolio-de-Puerto-Rico-se-iluminara-con-los-colores-de-Teen-Challenge-durante-el-Mes-de-la-Recuperacion.png\",\"articleSection\":[\"Publicaciones\"],\"inLanguage\":\"en-US\"},{\"@type\":\"WebPage\",\"@id\":\"https:\\\/\\\/teenchallengepr.org\\\/teen-challenge-puerto-rico-invita-al-encendido-del-capitolio-por-el-mes-de-la-recuperacion\\\/\",\"url\":\"https:\\\/\\\/teenchallengepr.org\\\/teen-challenge-puerto-rico-invita-al-encendido-del-capitolio-por-el-mes-de-la-recuperacion\\\/\",\"name\":\"Teen Challenge Puerto Rico invita al Encendido del Capitolio por el Mes de la Recuperaci\u00f3n - TEEN CHALLENGE PUERTO RICO\",\"isPartOf\":{\"@id\":\"https:\\\/\\\/teenchallengepr.org\\\/#website\"},\"primaryImageOfPage\":{\"@id\":\"https:\\\/\\\/teenchallengepr.org\\\/teen-challenge-puerto-rico-invita-al-encendido-del-capitolio-por-el-mes-de-la-recuperacion\\\/#primaryimage\"},\"image\":{\"@id\":\"https:\\\/\\\/teenchallengepr.org\\\/teen-challenge-puerto-rico-invita-al-encendido-del-capitolio-por-el-mes-de-la-recuperacion\\\/#primaryimage\"},\"thumbnailUrl\":\"https:\\\/\\\/teenchallengepr.org\\\/wp-content\\\/uploads\\\/2026\\\/09\\\/El-Capitolio-de-Puerto-Rico-se-iluminara-con-los-colores-de-Teen-Challenge-durante-el-Mes-de-la-Recuperacion.png\",\"datePublished\":\"2026-09-04T00:54:24+00:00\",\"description\":\"Teen Challenge Puerto Rico invita al Encendido del Capitolio el 8 de septiembre de 2026, una actividad especial en apoyo al Mes de la Recuperaci\u00f3n y al mensaje de esperanza y restauraci\u00f3n.\",\"breadcrumb\":{\"@id\":\"https:\\\/\\\/teenchallengepr.org\\\/teen-challenge-puerto-rico-invita-al-encendido-del-capitolio-por-el-mes-de-la-recuperacion\\\/#breadcrumb\"},\"inLanguage\":\"en-US\",\"potentialAction\":[{\"@type\":\"ReadAction\",\"target\":[\"https:\\\/\\\/teenchallengepr.org\\\/teen-challenge-puerto-rico-invita-al-encendido-del-capitolio-por-el-mes-de-la-recuperacion\\\/\"]}]},{\"@type\":\"ImageObject\",\"inLanguage\":\"en-US\",\"@id\":\"https:\\\/\\\/teenchallengepr.org\\\/teen-challenge-puerto-rico-invita-al-encendido-del-capitolio-por-el-mes-de-la-recuperacion\\\/#primaryimage\",\"url\":\"https:\\\/\\\/teenchallengepr.org\\\/wp-content\\\/uploads\\\/2026\\\/09\\\/El-Capitolio-de-Puerto-Rico-se-iluminara-con-los-colores-de-Teen-Challenge-durante-el-Mes-de-la-Recuperacion.png\",\"contentUrl\":\"https:\\\/\\\/teenchallengepr.org\\\/wp-content\\\/uploads\\\/2026\\\/09\\\/El-Capitolio-de-Puerto-Rico-se-iluminara-con-los-colores-de-Teen-Challenge-durante-el-Mes-de-la-Recuperacion.png\",\"width\":1080,\"height\":1350},{\"@type\":\"BreadcrumbList\",\"@id\":\"https:\\\/\\\/teenchallengepr.org\\\/teen-challenge-puerto-rico-invita-al-encendido-del-capitolio-por-el-mes-de-la-recuperacion\\\/#breadcrumb\",\"itemListElement\":[{\"@type\":\"ListItem\",\"position\":1,\"name\":\"Portada\",\"item\":\"https:\\\/\\\/teenchallengepr.org\\\/\"},{\"@type\":\"ListItem\",\"position\":2,\"name\":\"Teen Challenge Puerto Rico invita al Encendido del Capitolio por el Mes de la Recuperaci\u00f3n\"}]},{\"@type\":\"WebSite\",\"@id\":\"https:\\\/\\\/teenchallengepr.org\\\/#website\",\"url\":\"https:\\\/\\\/teenchallengepr.org\\\/\",\"name\":\"TEEN CHALLENGE PUERTO RICO\",\"description\":\"Poniendo la Esperanza al Alcance de Todos\",\"publisher\":{\"@id\":\"https:\\\/\\\/teenchallengepr.org\\\/#organization\"},\"alternateName\":\"TEEN CHALLENGE PUERTO RICO\",\"potentialAction\":[{\"@type\":\"SearchAction\",\"target\":{\"@type\":\"EntryPoint\",\"urlTemplate\":\"https:\\\/\\\/teenchallengepr.org\\\/?s={search_term_string}\"},\"query-input\":{\"@type\":\"PropertyValueSpecification\",\"valueRequired\":true,\"valueName\":\"search_term_string\"}}],\"inLanguage\":\"en-US\"},{\"@type\":\"Organization\",\"@id\":\"https:\\\/\\\/teenchallengepr.org\\\/#organization\",\"name\":\"Teen Challenge Puerto Rico\",\"alternateName\":\"Teen Challenge Puerto Rico\",\"url\":\"https:\\\/\\\/teenchallengepr.org\\\/\",\"logo\":{\"@type\":\"ImageObject\",\"inLanguage\":\"en-US\",\"@id\":\"https:\\\/\\\/teenchallengepr.org\\\/#\\\/schema\\\/logo\\\/image\\\/\",\"url\":\"https:\\\/\\\/teenchallengepr.org\\\/wp-content\\\/uploads\\\/2020\\\/05\\\/logo-medio-teen.png\",\"contentUrl\":\"https:\\\/\\\/teenchallengepr.org\\\/wp-content\\\/uploads\\\/2020\\\/05\\\/logo-medio-teen.png\",\"width\":559,\"height\":589,\"caption\":\"Teen Challenge Puerto Rico\"},\"image\":{\"@id\":\"https:\\\/\\\/teenchallengepr.org\\\/#\\\/schema\\\/logo\\\/image\\\/\"},\"sameAs\":[\"https:\\\/\\\/www.facebook.com\\\/TeenChallengePuertoRico\",\"https:\\\/\\\/www.instagram.com\\\/teenchallenge_puertorico\\\/\",\"https:\\\/\\\/www.pinterest.es\\\/tcpuertorico\\\/\"]},{\"@type\":\"Person\",\"@id\":\"https:\\\/\\\/teenchallengepr.org\\\/#\\\/schema\\\/person\\\/79c748d2d56c2e26e2bb63a9aea8f3dd\",\"name\":\"jalweb\",\"image\":{\"@type\":\"ImageObject\",\"inLanguage\":\"en-US\",\"@id\":\"https:\\\/\\\/secure.gravatar.com\\\/avatar\\\/fe4640416e63418cdac352b99fffcfa3223e38ed68d2eea3516a049ff3103ded?s=96&r=r\",\"url\":\"https:\\\/\\\/secure.gravatar.com\\\/avatar\\\/fe4640416e63418cdac352b99fffcfa3223e38ed68d2eea3516a049ff3103ded?s=96&r=r\",\"contentUrl\":\"https:\\\/\\\/secure.gravatar.com\\\/avatar\\\/fe4640416e63418cdac352b99fffcfa3223e38ed68d2eea3516a049ff3103ded?s=96&r=r\",\"caption\":\"jalweb\"},\"url\":\"https:\\\/\\\/teenchallengepr.org\\\/en\\\/author\\\/jalweb\\\/\"}]}<\/script>\n<!-- \/ Yoast SEO plugin. -->","yoast_head_json":{"title":"Teen Challenge Puerto Rico invita al Encendido del Capitolio por el Mes de la Recuperaci\u00f3n - TEEN CHALLENGE PUERTO RICO","description":"Teen Challenge Puerto Rico invita al Encendido del Capitolio el 8 de septiembre de 2026, una actividad especial en apoyo al Mes de la Recuperaci\u00f3n y al mensaje de esperanza y restauraci\u00f3n.","robots":{"index":"index","follow":"follow","max-snippet":"max-snippet:-1","max-image-preview":"max-image-preview:large","max-video-preview":"max-video-preview:-1"},"canonical":"https:\/\/teenchallengepr.org\/en\/teen-challenge-puerto-rico-invita-al-encendido-del-capitolio-por-el-mes-de-la-recuperacion\/","og_locale":"en_US","og_type":"article","og_title":"Teen Challenge Puerto Rico invita al Encendido del Capitolio por el Mes de la Recuperaci\u00f3n - TEEN CHALLENGE PUERTO RICO","og_description":"Teen Challenge Puerto Rico invita al Encendido del Capitolio el 8 de septiembre de 2026, una actividad especial en apoyo al Mes de la Recuperaci\u00f3n y al mensaje de esperanza y restauraci\u00f3n.","og_url":"https:\/\/teenchallengepr.org\/en\/teen-challenge-puerto-rico-invita-al-encendido-del-capitolio-por-el-mes-de-la-recuperacion\/","og_site_name":"TEEN CHALLENGE PUERTO RICO","article_publisher":"https:\/\/www.facebook.com\/TeenChallengePuertoRico","article_published_time":"2026-09-04T00:54:24+00:00","og_image":[{"width":1080,"height":1350,"url":"https:\/\/teenchallengepr.org\/wp-content\/uploads\/2026\/09\/El-Capitolio-de-Puerto-Rico-se-iluminara-con-los-colores-de-Teen-Challenge-durante-el-Mes-de-la-Recuperacion.png","type":"image\/png"}],"author":"jalweb","twitter_card":"summary_large_image","twitter_misc":{"Written by":"jalweb","Est. reading time":"2 minutes"},"schema":{"@context":"https:\/\/schema.org","@graph":[{"@type":"Article","@id":"https:\/\/teenchallengepr.org\/teen-challenge-puerto-rico-invita-al-encendido-del-capitolio-por-el-mes-de-la-recuperacion\/#article","isPartOf":{"@id":"https:\/\/teenchallengepr.org\/teen-challenge-puerto-rico-invita-al-encendido-del-capitolio-por-el-mes-de-la-recuperacion\/"},"author":{"name":"jalweb","@id":"https:\/\/teenchallengepr.org\/#\/schema\/person\/79c748d2d56c2e26e2bb63a9aea8f3dd"},"headline":"Teen Challenge Puerto Rico invita al Encendido del Capitolio por el Mes de la Recuperaci\u00f3n","datePublished":"2026-09-04T00:54:24+00:00","mainEntityOfPage":{"@id":"https:\/\/teenchallengepr.org\/teen-challenge-puerto-rico-invita-al-encendido-del-capitolio-por-el-mes-de-la-recuperacion\/"},"wordCount":269,"publisher":{"@id":"https:\/\/teenchallengepr.org\/#organization"},"image":{"@id":"https:\/\/teenchallengepr.org\/teen-challenge-puerto-rico-invita-al-encendido-del-capitolio-por-el-mes-de-la-recuperacion\/#primaryimage"},"thumbnailUrl":"https:\/\/teenchallengepr.org\/wp-content\/uploads\/2026\/09\/El-Capitolio-de-Puerto-Rico-se-iluminara-con-los-colores-de-Teen-Challenge-durante-el-Mes-de-la-Recuperacion.png","articleSection":["Publicaciones"],"inLanguage":"en-US"},{"@type":"WebPage","@id":"https:\/\/teenchallengepr.org\/teen-challenge-puerto-rico-invita-al-encendido-del-capitolio-por-el-mes-de-la-recuperacion\/","url":"https:\/\/teenchallengepr.org\/teen-challenge-puerto-rico-invita-al-encendido-del-capitolio-por-el-mes-de-la-recuperacion\/","name":"Teen Challenge Puerto Rico invita al Encendido del Capitolio por el Mes de la Recuperaci\u00f3n - TEEN CHALLENGE PUERTO RICO","isPartOf":{"@id":"https:\/\/teenchallengepr.org\/#website"},"primaryImageOfPage":{"@id":"https:\/\/teenchallengepr.org\/teen-challenge-puerto-rico-invita-al-encendido-del-capitolio-por-el-mes-de-la-recuperacion\/#primaryimage"},"image":{"@id":"https:\/\/teenchallengepr.org\/teen-challenge-puerto-rico-invita-al-encendido-del-capitolio-por-el-mes-de-la-recuperacion\/#primaryimage"},"thumbnailUrl":"https:\/\/teenchallengepr.org\/wp-content\/uploads\/2026\/09\/El-Capitolio-de-Puerto-Rico-se-iluminara-con-los-colores-de-Teen-Challenge-durante-el-Mes-de-la-Recuperacion.png","datePublished":"2026-09-04T00:54:24+00:00","description":"Teen Challenge Puerto Rico invita al Encendido del Capitolio el 8 de septiembre de 2026, una actividad especial en apoyo al Mes de la Recuperaci\u00f3n y al mensaje de esperanza y restauraci\u00f3n.","breadcrumb":{"@id":"https:\/\/teenchallengepr.org\/teen-challenge-puerto-rico-invita-al-encendido-del-capitolio-por-el-mes-de-la-recuperacion\/#breadcrumb"},"inLanguage":"en-US","potentialAction":[{"@type":"ReadAction","target":["https:\/\/teenchallengepr.org\/teen-challenge-puerto-rico-invita-al-encendido-del-capitolio-por-el-mes-de-la-recuperacion\/"]}]},{"@type":"ImageObject","inLanguage":"en-US","@id":"https:\/\/teenchallengepr.org\/teen-challenge-puerto-rico-invita-al-encendido-del-capitolio-por-el-mes-de-la-recuperacion\/#primaryimage","url":"https:\/\/teenchallengepr.org\/wp-content\/uploads\/2026\/09\/El-Capitolio-de-Puerto-Rico-se-iluminara-con-los-colores-de-Teen-Challenge-durante-el-Mes-de-la-Recuperacion.png","contentUrl":"https:\/\/teenchallengepr.org\/wp-content\/uploads\/2026\/09\/El-Capitolio-de-Puerto-Rico-se-iluminara-con-los-colores-de-Teen-Challenge-durante-el-Mes-de-la-Recuperacion.png","width":1080,"height":1350},{"@type":"BreadcrumbList","@id":"https:\/\/teenchallengepr.org\/teen-challenge-puerto-rico-invita-al-encendido-del-capitolio-por-el-mes-de-la-recuperacion\/#breadcrumb","itemListElement":[{"@type":"ListItem","position":1,"name":"Portada","item":"https:\/\/teenchallengepr.org\/"},{"@type":"ListItem","position":2,"name":"Teen Challenge Puerto Rico invita al Encendido del Capitolio por el Mes de la Recuperaci\u00f3n"}]},{"@type":"WebSite","@id":"https:\/\/teenchallengepr.org\/#website","url":"https:\/\/teenchallengepr.org\/","name":"TEEN CHALLENGE PUERTO RICO","description":"Poniendo la Esperanza al Alcance de Todos","publisher":{"@id":"https:\/\/teenchallengepr.org\/#organization"},"alternateName":"TEEN CHALLENGE PUERTO RICO","potentialAction":[{"@type":"SearchAction","target":{"@type":"EntryPoint","urlTemplate":"https:\/\/teenchallengepr.org\/?s={search_term_string}"},"query-input":{"@type":"PropertyValueSpecification","valueRequired":true,"valueName":"search_term_string"}}],"inLanguage":"en-US"},{"@type":"Organization","@id":"https:\/\/teenchallengepr.org\/#organization","name":"Teen Challenge Puerto Rico","alternateName":"Teen Challenge Puerto Rico","url":"https:\/\/teenchallengepr.org\/","logo":{"@type":"ImageObject","inLanguage":"en-US","@id":"https:\/\/teenchallengepr.org\/#\/schema\/logo\/image\/","url":"https:\/\/teenchallengepr.org\/wp-content\/uploads\/2020\/05\/logo-medio-teen.png","contentUrl":"https:\/\/teenchallengepr.org\/wp-content\/uploads\/2020\/05\/logo-medio-teen.png","width":559,"height":589,"caption":"Teen Challenge Puerto Rico"},"image":{"@id":"https:\/\/teenchallengepr.org\/#\/schema\/logo\/image\/"},"sameAs":["https:\/\/www.facebook.com\/TeenChallengePuertoRico","https:\/\/www.instagram.com\/teenchallenge_puertorico\/","https:\/\/www.pinterest.es\/tcpuertorico\/"]},{"@type":"Person","@id":"https:\/\/teenchallengepr.org\/#\/schema\/person\/79c748d2d56c2e26e2bb63a9aea8f3dd","name":"jalweb","image":{"@type":"ImageObject","inLanguage":"en-US","@id":"https:\/\/secure.gravatar.com\/avatar\/fe4640416e63418cdac352b99fffcfa3223e38ed68d2eea3516a049ff3103ded?s=96&r=r","url":"https:\/\/secure.gravatar.com\/avatar\/fe4640416e63418cdac352b99fffcfa3223e38ed68d2eea3516a049ff3103ded?s=96&r=r","contentUrl":"https:\/\/secure.gravatar.com\/avatar\/fe4640416e63418cdac352b99fffcfa3223e38ed68d2eea3516a049ff3103ded?s=96&r=r","caption":"jalweb"},"url":"https:\/\/teenchallengepr.org\/en\/author\/jalweb\/"}]}},"_links":{"self":[{"href":"https:\/\/teenchallengepr.org\/en\/wp-json\/wp\/v2\/posts\/11695","targetHints":{"allow":["GET"]}}],"collection":[{"href":"https:\/\/teenchallengepr.org\/en\/wp-json\/wp\/v2\/posts"}],"about":[{"href":"https:\/\/teenchallengepr.org\/en\/wp-json\/wp\/v2\/types\/post"}],"author":[{"embeddable":true,"href":"https:\/\/teenchallengepr.org\/en\/wp-json\/wp\/v2\/users\/1"}],"replies":[{"embeddable":true,"href":"https:\/\/teenchallengepr.org\/en\/wp-json\/wp\/v2\/comments?post=11695"}],"version-history":[{"count":2,"href":"https:\/\/teenchallengepr.org\/en\/wp-json\/wp\/v2\/posts\/11695\/revisions"}],"predecessor-version":[{"id":11699,"href":"https:\/\/teenchallengepr.org\/en\/wp-json\/wp\/v2\/posts\/11695\/revisions\/11699"}],"wp:featuredmedia":[{"embeddable":true,"href":"https:\/\/teenchallengepr.org\/en\/wp-json\/wp\/v2\/media\/11697"}],"wp:attachment":[{"href":"https:\/\/teenchallengepr.org\/en\/wp-json\/wp\/v2\/media?parent=11695"}],"wp:term":[{"taxonomy":"category","embeddable":true,"href":"https:\/\/teenchallengepr.org\/en\/wp-json\/wp\/v2\/categories?post=11695"},{"taxonomy":"post_tag","embeddable":true,"href":"https:\/\/teenchallengepr.org\/en\/wp-json\/wp\/v2\/tags?post=11695"}],"curies":[{"name":"wp","href":"https:\/\/api.w.org\/{rel}","templated":true}]}}