{"id":11688,"date":"2026-09-03T19:54:55","date_gmt":"2026-09-03T23:54:55","guid":{"rendered":"https:\/\/teenchallengepr.org\/?p=11688"},"modified":"2026-09-03T20:06:37","modified_gmt":"2026-09-04T00:06:37","slug":"wapa-destaca-a-teen-challenge-puerto-rico-en-el-mes-de-la-recuperacion","status":"publish","type":"post","link":"https:\/\/teenchallengepr.org\/en\/wapa-destaca-a-teen-challenge-puerto-rico-en-el-mes-de-la-recuperacion\/","title":{"rendered":"WAPA destaca a Teen Challenge Puerto Rico en el Mes de la Recuperaci\u00f3n"},"content":{"rendered":"<p class=\"isSelectedEnd\"><strong>Teen Challenge Puerto Rico<\/strong> contin\u00faa ampliando el alcance de su mensaje de esperanza, recuperaci\u00f3n y transformaci\u00f3n en todo Puerto Rico.<\/p>\n<p class=\"isSelectedEnd\">El medio <strong>WAPA<\/strong> destac\u00f3 el inicio del <strong>Mes de la Recuperaci\u00f3n de los Trastornos de Uso de Sustancias y Salud Mental<\/strong>, encabezado por Teen Challenge Puerto Rico como parte de sus esfuerzos educativos y comunitarios durante el mes de septiembre.<\/p>\n<p class=\"isSelectedEnd\">La cobertura resalta la celebraci\u00f3n del <strong>Congreso Comunitario de Salud Mental y Adicciones 2026<\/strong>, una iniciativa que reuni\u00f3 a profesionales, l\u00edderes comunitarios, representantes de diferentes sectores y organizaciones comprometidas con la prevenci\u00f3n, la salud mental y los procesos de recuperaci\u00f3n.<\/p>\n<h2>Un espacio para educar, unir y transformar<\/h2>\n<p class=\"isSelectedEnd\">El Congreso, celebrado en el <strong>Centro de Bellas Artes de Caguas<\/strong>, se convirti\u00f3 en un espacio para compartir conocimientos, fortalecer alianzas y promover una conversaci\u00f3n responsable sobre los desaf\u00edos relacionados con los trastornos por uso de sustancias y la salud mental.<\/p>\n<p class=\"isSelectedEnd\">Bajo el lema:<\/p>\n<p class=\"isSelectedEnd\"><strong>\u201cJuntos construimos esperanza, sanaci\u00f3n y transformaci\u00f3n\u201d<\/strong><\/p>\n<p class=\"isSelectedEnd\">Teen Challenge Puerto Rico reafirm\u00f3 la importancia de trabajar unidos para que m\u00e1s personas y familias puedan conocer los recursos disponibles y encontrar acompa\u00f1amiento durante sus procesos de recuperaci\u00f3n.<\/p>\n<h2>El compromiso de Teen Challenge Puerto Rico<\/h2>\n<p class=\"isSelectedEnd\">El <strong>Dr. Israel Figueroa Pastrana, presidente y CEO de Teen Challenge Puerto Rico<\/strong>, contin\u00faa impulsando una visi\u00f3n centrada en la recuperaci\u00f3n integral, la educaci\u00f3n, la prevenci\u00f3n y la colaboraci\u00f3n entre diferentes sectores de la sociedad.<\/p>\n<p class=\"isSelectedEnd\">El mensaje que Teen Challenge Puerto Rico lleva durante este Mes de la Recuperaci\u00f3n es claro:<\/p>\n<p class=\"isSelectedEnd\"><strong>La recuperaci\u00f3n es posible y ninguna persona tiene que recorrer ese camino sola.<\/strong><\/p>\n<p class=\"isSelectedEnd\">Durante septiembre, la organizaci\u00f3n continuar\u00e1 desarrollando iniciativas destinadas a crear conciencia, educar a la comunidad y promover oportunidades de transformaci\u00f3n para las personas que enfrentan trastornos por uso de sustancias y otros desaf\u00edos relacionados con la salud mental.<\/p>\n<h2>58 a\u00f1os transformando vidas<\/h2>\n<p class=\"isSelectedEnd\">Estas iniciativas tambi\u00e9n forman parte de la celebraci\u00f3n del <strong>58.\u00ba aniversario de Teen Challenge Puerto Rico<\/strong>, una trayectoria dedicada a servir, acompa\u00f1ar y brindar nuevas oportunidades a miles de personas y familias.<\/p>\n<p class=\"isSelectedEnd\">Entre las pr\u00f3ximas actividades se encuentra el:<\/p>\n<h3>5K Transformando Vidas 2026<\/h3>\n<p class=\"isSelectedEnd\"><strong>S\u00e1bado, 12 de septiembre de 2026<\/strong><br \/>\n<strong>Paseo de las Artes de Caguas<\/strong><br \/>\n<strong>Salida: 6:30 a. m.<\/strong><\/p>\n<p class=\"isSelectedEnd\">Bajo el lema <strong>\u201cCada paso transforma una vida\u201d<\/strong>, la actividad busca reunir a la comunidad en apoyo a la misi\u00f3n de Teen Challenge Puerto Rico.<\/p>\n<h2>Gracias a WAPA por llevar nuestro mensaje m\u00e1s lejos<\/h2>\n<p class=\"isSelectedEnd\">En este <strong>A\u00f1o de la Gratitud<\/strong>, expresamos nuestro agradecimiento a <strong>WAPA<\/strong> por brindar espacio a iniciativas que promueven la educaci\u00f3n, la prevenci\u00f3n, la salud mental y la recuperaci\u00f3n.<\/p>\n<p class=\"isSelectedEnd\">Cada cobertura en los medios representa una oportunidad para que una persona o una familia conozca que existen alternativas, recursos y personas dispuestas a acompa\u00f1arlas.<\/p>\n<p class=\"isSelectedEnd\">Agradecemos tambi\u00e9n a todos los profesionales, colaboradores, organizaciones, voluntarios y participantes que contin\u00faan haciendo posible esta misi\u00f3n.<\/p>\n<p class=\"isSelectedEnd\"><strong>Seguimos transformando vidas, fortaleciendo familias y llevando esperanza a Puerto Rico.<\/strong><\/p>\n<p><strong>Lee la publicaci\u00f3n completa de WAPA:<\/strong><br \/>\n<a href=\"https:\/\/wapa.tv\/noticias\/salud\/teen-challenge-puerto-rico-inicia-el-mes-de-la-recuperaci-n-de-los-trastornos-de\/article_47fd964c-33a1-4ccc-83a8-cba4e25c60c2.html\" data-rich-text-autolink=\"\">https:\/\/wapa.tv\/noticias\/salud\/teen-challenge-puerto-rico-inicia-el-mes-de-la-recuperaci-n-de-los-trastornos-de\/article_47fd964c-33a1-4ccc-83a8-cba4e25c60c2.html<\/a><\/p>","protected":false},"excerpt":{"rendered":"<p>Teen Challenge Puerto Rico contin\u00faa ampliando el alcance de su mensaje de esperanza, recuperaci\u00f3n y transformaci\u00f3n en todo Puerto Rico. El medio WAPA destac\u00f3 el inicio del Mes de la Recuperaci\u00f3n de los Trastornos de Uso de Sustancias y Salud Mental, encabezado por Teen Challenge Puerto Rico como parte de sus esfuerzos educativos y comunitarios [&hellip;]<\/p>","protected":false},"author":1,"featured_media":11689,"comment_status":"closed","ping_status":"open","sticky":false,"template":"","format":"standard","meta":{"footnotes":""},"categories":[28],"tags":[98,120,93,126,110,117,127,92],"class_list":["post-11688","post","type-post","status-publish","format-standard","has-post-thumbnail","hentry","category-publicaciones","tag-5k-transformando-vidas","tag-congreso-comunitario-de-salud-mental-y-adicciones","tag-dr-israel-figueroa","tag-mes-de-la-recuperacion-2026","tag-recuperacion-de-adicciones","tag-salud-mental-puerto-rico","tag-sonia-navarro","tag-teen-challenge-puerto-rico"],"yoast_head":"<!-- This site is optimized with the Yoast SEO plugin v28.3 - https:\/\/yoast.com\/product\/yoast-seo-wordpress\/ -->\n<title>WAPA destaca a Teen Challenge Puerto Rico en el Mes de la Recuperaci\u00f3n - TEEN CHALLENGE PUERTO RICO<\/title>\n<meta name=\"description\" content=\"WAPA destaca a Teen Challenge Puerto Rico y el Congreso Comunitario de Salud Mental y Adicciones con el que inici\u00f3 el Mes de la Recuperaci\u00f3n 2026.\" \/>\n<meta name=\"robots\" content=\"index, follow, max-snippet:-1, max-image-preview:large, max-video-preview:-1\" \/>\n<link rel=\"canonical\" href=\"https:\/\/teenchallengepr.org\/en\/wapa-destaca-a-teen-challenge-puerto-rico-en-el-mes-de-la-recuperacion\/\" \/>\n<meta property=\"og:locale\" content=\"en_US\" \/>\n<meta property=\"og:type\" content=\"article\" \/>\n<meta property=\"og:title\" content=\"WAPA destaca a Teen Challenge Puerto Rico en el Mes de la Recuperaci\u00f3n - TEEN CHALLENGE PUERTO RICO\" \/>\n<meta property=\"og:description\" content=\"WAPA destaca a Teen Challenge Puerto Rico y el Congreso Comunitario de Salud Mental y Adicciones con el que inici\u00f3 el Mes de la Recuperaci\u00f3n 2026.\" \/>\n<meta property=\"og:url\" content=\"https:\/\/teenchallengepr.org\/en\/wapa-destaca-a-teen-challenge-puerto-rico-en-el-mes-de-la-recuperacion\/\" \/>\n<meta property=\"og:site_name\" content=\"TEEN CHALLENGE PUERTO RICO\" \/>\n<meta property=\"article:publisher\" content=\"https:\/\/www.facebook.com\/TeenChallengePuertoRico\" \/>\n<meta property=\"article:published_time\" content=\"2026-09-03T23:54:55+00:00\" \/>\n<meta property=\"article:modified_time\" content=\"2026-09-04T00:06:37+00:00\" \/>\n<meta property=\"og:image\" content=\"https:\/\/teenchallengepr.org\/wp-content\/uploads\/2026\/09\/Sonia-Navarro-TCPR.png\" \/>\n\t<meta property=\"og:image:width\" content=\"990\" \/>\n\t<meta property=\"og:image:height\" content=\"660\" \/>\n\t<meta property=\"og:image:type\" content=\"image\/png\" \/>\n<meta name=\"author\" content=\"jalweb\" \/>\n<meta name=\"twitter:card\" content=\"summary_large_image\" \/>\n<meta name=\"twitter:label1\" content=\"Written by\" \/>\n\t<meta name=\"twitter:data1\" content=\"jalweb\" \/>\n\t<meta name=\"twitter:label2\" content=\"Est. reading time\" \/>\n\t<meta name=\"twitter:data2\" content=\"3 minutes\" \/>\n<script type=\"application\/ld+json\" class=\"yoast-schema-graph\">{\"@context\":\"https:\\\/\\\/schema.org\",\"@graph\":[{\"@type\":\"Article\",\"@id\":\"https:\\\/\\\/teenchallengepr.org\\\/wapa-destaca-a-teen-challenge-puerto-rico-en-el-mes-de-la-recuperacion\\\/#article\",\"isPartOf\":{\"@id\":\"https:\\\/\\\/teenchallengepr.org\\\/wapa-destaca-a-teen-challenge-puerto-rico-en-el-mes-de-la-recuperacion\\\/\"},\"author\":{\"name\":\"jalweb\",\"@id\":\"https:\\\/\\\/teenchallengepr.org\\\/#\\\/schema\\\/person\\\/79c748d2d56c2e26e2bb63a9aea8f3dd\"},\"headline\":\"WAPA destaca a Teen Challenge Puerto Rico en el Mes de la Recuperaci\u00f3n\",\"datePublished\":\"2026-09-03T23:54:55+00:00\",\"dateModified\":\"2026-09-04T00:06:37+00:00\",\"mainEntityOfPage\":{\"@id\":\"https:\\\/\\\/teenchallengepr.org\\\/wapa-destaca-a-teen-challenge-puerto-rico-en-el-mes-de-la-recuperacion\\\/\"},\"wordCount\":547,\"publisher\":{\"@id\":\"https:\\\/\\\/teenchallengepr.org\\\/#organization\"},\"image\":{\"@id\":\"https:\\\/\\\/teenchallengepr.org\\\/wapa-destaca-a-teen-challenge-puerto-rico-en-el-mes-de-la-recuperacion\\\/#primaryimage\"},\"thumbnailUrl\":\"https:\\\/\\\/teenchallengepr.org\\\/wp-content\\\/uploads\\\/2026\\\/09\\\/Sonia-Navarro-TCPR.png\",\"keywords\":[\"5K Transformando Vidas\",\"Congreso Comunitario de Salud Mental y Adicciones\",\"Dr. Israel Figueroa\",\"Mes de la Recuperaci\u00f3n 2026\",\"recuperaci\u00f3n de adicciones\",\"salud mental Puerto Rico\",\"Sonia Navarro\",\"Teen Challenge Puerto Rico\"],\"articleSection\":[\"Publicaciones\"],\"inLanguage\":\"en-US\"},{\"@type\":\"WebPage\",\"@id\":\"https:\\\/\\\/teenchallengepr.org\\\/wapa-destaca-a-teen-challenge-puerto-rico-en-el-mes-de-la-recuperacion\\\/\",\"url\":\"https:\\\/\\\/teenchallengepr.org\\\/wapa-destaca-a-teen-challenge-puerto-rico-en-el-mes-de-la-recuperacion\\\/\",\"name\":\"WAPA destaca a Teen Challenge Puerto Rico en el Mes de la Recuperaci\u00f3n - TEEN CHALLENGE PUERTO RICO\",\"isPartOf\":{\"@id\":\"https:\\\/\\\/teenchallengepr.org\\\/#website\"},\"primaryImageOfPage\":{\"@id\":\"https:\\\/\\\/teenchallengepr.org\\\/wapa-destaca-a-teen-challenge-puerto-rico-en-el-mes-de-la-recuperacion\\\/#primaryimage\"},\"image\":{\"@id\":\"https:\\\/\\\/teenchallengepr.org\\\/wapa-destaca-a-teen-challenge-puerto-rico-en-el-mes-de-la-recuperacion\\\/#primaryimage\"},\"thumbnailUrl\":\"https:\\\/\\\/teenchallengepr.org\\\/wp-content\\\/uploads\\\/2026\\\/09\\\/Sonia-Navarro-TCPR.png\",\"datePublished\":\"2026-09-03T23:54:55+00:00\",\"dateModified\":\"2026-09-04T00:06:37+00:00\",\"description\":\"WAPA destaca a Teen Challenge Puerto Rico y el Congreso Comunitario de Salud Mental y Adicciones con el que inici\u00f3 el Mes de la Recuperaci\u00f3n 2026.\",\"breadcrumb\":{\"@id\":\"https:\\\/\\\/teenchallengepr.org\\\/wapa-destaca-a-teen-challenge-puerto-rico-en-el-mes-de-la-recuperacion\\\/#breadcrumb\"},\"inLanguage\":\"en-US\",\"potentialAction\":[{\"@type\":\"ReadAction\",\"target\":[\"https:\\\/\\\/teenchallengepr.org\\\/wapa-destaca-a-teen-challenge-puerto-rico-en-el-mes-de-la-recuperacion\\\/\"]}]},{\"@type\":\"ImageObject\",\"inLanguage\":\"en-US\",\"@id\":\"https:\\\/\\\/teenchallengepr.org\\\/wapa-destaca-a-teen-challenge-puerto-rico-en-el-mes-de-la-recuperacion\\\/#primaryimage\",\"url\":\"https:\\\/\\\/teenchallengepr.org\\\/wp-content\\\/uploads\\\/2026\\\/09\\\/Sonia-Navarro-TCPR.png\",\"contentUrl\":\"https:\\\/\\\/teenchallengepr.org\\\/wp-content\\\/uploads\\\/2026\\\/09\\\/Sonia-Navarro-TCPR.png\",\"width\":990,\"height\":660},{\"@type\":\"BreadcrumbList\",\"@id\":\"https:\\\/\\\/teenchallengepr.org\\\/wapa-destaca-a-teen-challenge-puerto-rico-en-el-mes-de-la-recuperacion\\\/#breadcrumb\",\"itemListElement\":[{\"@type\":\"ListItem\",\"position\":1,\"name\":\"Portada\",\"item\":\"https:\\\/\\\/teenchallengepr.org\\\/\"},{\"@type\":\"ListItem\",\"position\":2,\"name\":\"WAPA destaca a Teen Challenge Puerto Rico en el Mes de la Recuperaci\u00f3n\"}]},{\"@type\":\"WebSite\",\"@id\":\"https:\\\/\\\/teenchallengepr.org\\\/#website\",\"url\":\"https:\\\/\\\/teenchallengepr.org\\\/\",\"name\":\"TEEN CHALLENGE PUERTO RICO\",\"description\":\"Poniendo la Esperanza al Alcance de Todos\",\"publisher\":{\"@id\":\"https:\\\/\\\/teenchallengepr.org\\\/#organization\"},\"alternateName\":\"TEEN CHALLENGE PUERTO RICO\",\"potentialAction\":[{\"@type\":\"SearchAction\",\"target\":{\"@type\":\"EntryPoint\",\"urlTemplate\":\"https:\\\/\\\/teenchallengepr.org\\\/?s={search_term_string}\"},\"query-input\":{\"@type\":\"PropertyValueSpecification\",\"valueRequired\":true,\"valueName\":\"search_term_string\"}}],\"inLanguage\":\"en-US\"},{\"@type\":\"Organization\",\"@id\":\"https:\\\/\\\/teenchallengepr.org\\\/#organization\",\"name\":\"Teen Challenge Puerto Rico\",\"alternateName\":\"Teen Challenge Puerto Rico\",\"url\":\"https:\\\/\\\/teenchallengepr.org\\\/\",\"logo\":{\"@type\":\"ImageObject\",\"inLanguage\":\"en-US\",\"@id\":\"https:\\\/\\\/teenchallengepr.org\\\/#\\\/schema\\\/logo\\\/image\\\/\",\"url\":\"https:\\\/\\\/teenchallengepr.org\\\/wp-content\\\/uploads\\\/2020\\\/05\\\/logo-medio-teen.png\",\"contentUrl\":\"https:\\\/\\\/teenchallengepr.org\\\/wp-content\\\/uploads\\\/2020\\\/05\\\/logo-medio-teen.png\",\"width\":559,\"height\":589,\"caption\":\"Teen Challenge Puerto Rico\"},\"image\":{\"@id\":\"https:\\\/\\\/teenchallengepr.org\\\/#\\\/schema\\\/logo\\\/image\\\/\"},\"sameAs\":[\"https:\\\/\\\/www.facebook.com\\\/TeenChallengePuertoRico\",\"https:\\\/\\\/www.instagram.com\\\/teenchallenge_puertorico\\\/\",\"https:\\\/\\\/www.pinterest.es\\\/tcpuertorico\\\/\"]},{\"@type\":\"Person\",\"@id\":\"https:\\\/\\\/teenchallengepr.org\\\/#\\\/schema\\\/person\\\/79c748d2d56c2e26e2bb63a9aea8f3dd\",\"name\":\"jalweb\",\"image\":{\"@type\":\"ImageObject\",\"inLanguage\":\"en-US\",\"@id\":\"https:\\\/\\\/secure.gravatar.com\\\/avatar\\\/fe4640416e63418cdac352b99fffcfa3223e38ed68d2eea3516a049ff3103ded?s=96&r=r\",\"url\":\"https:\\\/\\\/secure.gravatar.com\\\/avatar\\\/fe4640416e63418cdac352b99fffcfa3223e38ed68d2eea3516a049ff3103ded?s=96&r=r\",\"contentUrl\":\"https:\\\/\\\/secure.gravatar.com\\\/avatar\\\/fe4640416e63418cdac352b99fffcfa3223e38ed68d2eea3516a049ff3103ded?s=96&r=r\",\"caption\":\"jalweb\"},\"url\":\"https:\\\/\\\/teenchallengepr.org\\\/en\\\/author\\\/jalweb\\\/\"}]}<\/script>\n<!-- \/ Yoast SEO plugin. -->","yoast_head_json":{"title":"WAPA destaca a Teen Challenge Puerto Rico en el Mes de la Recuperaci\u00f3n - TEEN CHALLENGE PUERTO RICO","description":"WAPA destaca a Teen Challenge Puerto Rico y el Congreso Comunitario de Salud Mental y Adicciones con el que inici\u00f3 el Mes de la Recuperaci\u00f3n 2026.","robots":{"index":"index","follow":"follow","max-snippet":"max-snippet:-1","max-image-preview":"max-image-preview:large","max-video-preview":"max-video-preview:-1"},"canonical":"https:\/\/teenchallengepr.org\/en\/wapa-destaca-a-teen-challenge-puerto-rico-en-el-mes-de-la-recuperacion\/","og_locale":"en_US","og_type":"article","og_title":"WAPA destaca a Teen Challenge Puerto Rico en el Mes de la Recuperaci\u00f3n - TEEN CHALLENGE PUERTO RICO","og_description":"WAPA destaca a Teen Challenge Puerto Rico y el Congreso Comunitario de Salud Mental y Adicciones con el que inici\u00f3 el Mes de la Recuperaci\u00f3n 2026.","og_url":"https:\/\/teenchallengepr.org\/en\/wapa-destaca-a-teen-challenge-puerto-rico-en-el-mes-de-la-recuperacion\/","og_site_name":"TEEN CHALLENGE PUERTO RICO","article_publisher":"https:\/\/www.facebook.com\/TeenChallengePuertoRico","article_published_time":"2026-09-03T23:54:55+00:00","article_modified_time":"2026-09-04T00:06:37+00:00","og_image":[{"width":990,"height":660,"url":"https:\/\/teenchallengepr.org\/wp-content\/uploads\/2026\/09\/Sonia-Navarro-TCPR.png","type":"image\/png"}],"author":"jalweb","twitter_card":"summary_large_image","twitter_misc":{"Written by":"jalweb","Est. reading time":"3 minutes"},"schema":{"@context":"https:\/\/schema.org","@graph":[{"@type":"Article","@id":"https:\/\/teenchallengepr.org\/wapa-destaca-a-teen-challenge-puerto-rico-en-el-mes-de-la-recuperacion\/#article","isPartOf":{"@id":"https:\/\/teenchallengepr.org\/wapa-destaca-a-teen-challenge-puerto-rico-en-el-mes-de-la-recuperacion\/"},"author":{"name":"jalweb","@id":"https:\/\/teenchallengepr.org\/#\/schema\/person\/79c748d2d56c2e26e2bb63a9aea8f3dd"},"headline":"WAPA destaca a Teen Challenge Puerto Rico en el Mes de la Recuperaci\u00f3n","datePublished":"2026-09-03T23:54:55+00:00","dateModified":"2026-09-04T00:06:37+00:00","mainEntityOfPage":{"@id":"https:\/\/teenchallengepr.org\/wapa-destaca-a-teen-challenge-puerto-rico-en-el-mes-de-la-recuperacion\/"},"wordCount":547,"publisher":{"@id":"https:\/\/teenchallengepr.org\/#organization"},"image":{"@id":"https:\/\/teenchallengepr.org\/wapa-destaca-a-teen-challenge-puerto-rico-en-el-mes-de-la-recuperacion\/#primaryimage"},"thumbnailUrl":"https:\/\/teenchallengepr.org\/wp-content\/uploads\/2026\/09\/Sonia-Navarro-TCPR.png","keywords":["5K Transformando Vidas","Congreso Comunitario de Salud Mental y Adicciones","Dr. Israel Figueroa","Mes de la Recuperaci\u00f3n 2026","recuperaci\u00f3n de adicciones","salud mental Puerto Rico","Sonia Navarro","Teen Challenge Puerto Rico"],"articleSection":["Publicaciones"],"inLanguage":"en-US"},{"@type":"WebPage","@id":"https:\/\/teenchallengepr.org\/wapa-destaca-a-teen-challenge-puerto-rico-en-el-mes-de-la-recuperacion\/","url":"https:\/\/teenchallengepr.org\/wapa-destaca-a-teen-challenge-puerto-rico-en-el-mes-de-la-recuperacion\/","name":"WAPA destaca a Teen Challenge Puerto Rico en el Mes de la Recuperaci\u00f3n - TEEN CHALLENGE PUERTO RICO","isPartOf":{"@id":"https:\/\/teenchallengepr.org\/#website"},"primaryImageOfPage":{"@id":"https:\/\/teenchallengepr.org\/wapa-destaca-a-teen-challenge-puerto-rico-en-el-mes-de-la-recuperacion\/#primaryimage"},"image":{"@id":"https:\/\/teenchallengepr.org\/wapa-destaca-a-teen-challenge-puerto-rico-en-el-mes-de-la-recuperacion\/#primaryimage"},"thumbnailUrl":"https:\/\/teenchallengepr.org\/wp-content\/uploads\/2026\/09\/Sonia-Navarro-TCPR.png","datePublished":"2026-09-03T23:54:55+00:00","dateModified":"2026-09-04T00:06:37+00:00","description":"WAPA destaca a Teen Challenge Puerto Rico y el Congreso Comunitario de Salud Mental y Adicciones con el que inici\u00f3 el Mes de la Recuperaci\u00f3n 2026.","breadcrumb":{"@id":"https:\/\/teenchallengepr.org\/wapa-destaca-a-teen-challenge-puerto-rico-en-el-mes-de-la-recuperacion\/#breadcrumb"},"inLanguage":"en-US","potentialAction":[{"@type":"ReadAction","target":["https:\/\/teenchallengepr.org\/wapa-destaca-a-teen-challenge-puerto-rico-en-el-mes-de-la-recuperacion\/"]}]},{"@type":"ImageObject","inLanguage":"en-US","@id":"https:\/\/teenchallengepr.org\/wapa-destaca-a-teen-challenge-puerto-rico-en-el-mes-de-la-recuperacion\/#primaryimage","url":"https:\/\/teenchallengepr.org\/wp-content\/uploads\/2026\/09\/Sonia-Navarro-TCPR.png","contentUrl":"https:\/\/teenchallengepr.org\/wp-content\/uploads\/2026\/09\/Sonia-Navarro-TCPR.png","width":990,"height":660},{"@type":"BreadcrumbList","@id":"https:\/\/teenchallengepr.org\/wapa-destaca-a-teen-challenge-puerto-rico-en-el-mes-de-la-recuperacion\/#breadcrumb","itemListElement":[{"@type":"ListItem","position":1,"name":"Portada","item":"https:\/\/teenchallengepr.org\/"},{"@type":"ListItem","position":2,"name":"WAPA destaca a Teen Challenge Puerto Rico en el Mes de la Recuperaci\u00f3n"}]},{"@type":"WebSite","@id":"https:\/\/teenchallengepr.org\/#website","url":"https:\/\/teenchallengepr.org\/","name":"TEEN CHALLENGE PUERTO RICO","description":"Poniendo la Esperanza al Alcance de Todos","publisher":{"@id":"https:\/\/teenchallengepr.org\/#organization"},"alternateName":"TEEN CHALLENGE PUERTO RICO","potentialAction":[{"@type":"SearchAction","target":{"@type":"EntryPoint","urlTemplate":"https:\/\/teenchallengepr.org\/?s={search_term_string}"},"query-input":{"@type":"PropertyValueSpecification","valueRequired":true,"valueName":"search_term_string"}}],"inLanguage":"en-US"},{"@type":"Organization","@id":"https:\/\/teenchallengepr.org\/#organization","name":"Teen Challenge Puerto Rico","alternateName":"Teen Challenge Puerto Rico","url":"https:\/\/teenchallengepr.org\/","logo":{"@type":"ImageObject","inLanguage":"en-US","@id":"https:\/\/teenchallengepr.org\/#\/schema\/logo\/image\/","url":"https:\/\/teenchallengepr.org\/wp-content\/uploads\/2020\/05\/logo-medio-teen.png","contentUrl":"https:\/\/teenchallengepr.org\/wp-content\/uploads\/2020\/05\/logo-medio-teen.png","width":559,"height":589,"caption":"Teen Challenge Puerto Rico"},"image":{"@id":"https:\/\/teenchallengepr.org\/#\/schema\/logo\/image\/"},"sameAs":["https:\/\/www.facebook.com\/TeenChallengePuertoRico","https:\/\/www.instagram.com\/teenchallenge_puertorico\/","https:\/\/www.pinterest.es\/tcpuertorico\/"]},{"@type":"Person","@id":"https:\/\/teenchallengepr.org\/#\/schema\/person\/79c748d2d56c2e26e2bb63a9aea8f3dd","name":"jalweb","image":{"@type":"ImageObject","inLanguage":"en-US","@id":"https:\/\/secure.gravatar.com\/avatar\/fe4640416e63418cdac352b99fffcfa3223e38ed68d2eea3516a049ff3103ded?s=96&r=r","url":"https:\/\/secure.gravatar.com\/avatar\/fe4640416e63418cdac352b99fffcfa3223e38ed68d2eea3516a049ff3103ded?s=96&r=r","contentUrl":"https:\/\/secure.gravatar.com\/avatar\/fe4640416e63418cdac352b99fffcfa3223e38ed68d2eea3516a049ff3103ded?s=96&r=r","caption":"jalweb"},"url":"https:\/\/teenchallengepr.org\/en\/author\/jalweb\/"}]}},"_links":{"self":[{"href":"https:\/\/teenchallengepr.org\/en\/wp-json\/wp\/v2\/posts\/11688","targetHints":{"allow":["GET"]}}],"collection":[{"href":"https:\/\/teenchallengepr.org\/en\/wp-json\/wp\/v2\/posts"}],"about":[{"href":"https:\/\/teenchallengepr.org\/en\/wp-json\/wp\/v2\/types\/post"}],"author":[{"embeddable":true,"href":"https:\/\/teenchallengepr.org\/en\/wp-json\/wp\/v2\/users\/1"}],"replies":[{"embeddable":true,"href":"https:\/\/teenchallengepr.org\/en\/wp-json\/wp\/v2\/comments?post=11688"}],"version-history":[{"count":1,"href":"https:\/\/teenchallengepr.org\/en\/wp-json\/wp\/v2\/posts\/11688\/revisions"}],"predecessor-version":[{"id":11690,"href":"https:\/\/teenchallengepr.org\/en\/wp-json\/wp\/v2\/posts\/11688\/revisions\/11690"}],"wp:featuredmedia":[{"embeddable":true,"href":"https:\/\/teenchallengepr.org\/en\/wp-json\/wp\/v2\/media\/11689"}],"wp:attachment":[{"href":"https:\/\/teenchallengepr.org\/en\/wp-json\/wp\/v2\/media?parent=11688"}],"wp:term":[{"taxonomy":"category","embeddable":true,"href":"https:\/\/teenchallengepr.org\/en\/wp-json\/wp\/v2\/categories?post=11688"},{"taxonomy":"post_tag","embeddable":true,"href":"https:\/\/teenchallengepr.org\/en\/wp-json\/wp\/v2\/tags?post=11688"}],"curies":[{"name":"wp","href":"https:\/\/api.w.org\/{rel}","templated":true}]}}