{"id":11676,"date":"2026-09-03T18:29:27","date_gmt":"2026-09-03T22:29:27","guid":{"rendered":"https:\/\/teenchallengepr.org\/?p=11676"},"modified":"2026-09-03T18:29:27","modified_gmt":"2026-09-03T22:29:27","slug":"senadora-wandy-soto-58-anos-teen-challenge-puerto-rico","status":"publish","type":"post","link":"https:\/\/teenchallengepr.org\/en\/senadora-wandy-soto-58-anos-teen-challenge-puerto-rico\/","title":{"rendered":"Senadora Wandy Soto reconoce los 58 a\u00f1os de Teen Challenge Puerto Rico"},"content":{"rendered":"<h3 class=\"PDq2pG_selectionAnchorContainer\" data-section-id=\"1iv690y\" data-start=\"145\" data-end=\"229\">Teen Challenge Puerto Rico recibe reconocimiento por 58 a\u00f1os transformando vidas<\/h3>\n<p data-start=\"231\" data-end=\"506\">En el marco de la celebraci\u00f3n de los <strong data-start=\"268\" data-end=\"321\">58 a\u00f1os de servicio de Teen Challenge Puerto Rico<\/strong>, la <strong data-start=\"326\" data-end=\"359\">senadora Wandy Soto Tolentino<\/strong> reconoci\u00f3 p\u00fablicamente la trayectoria de nuestra organizaci\u00f3n y su compromiso con la restauraci\u00f3n de vidas, familias y comunidades en Puerto Rico.<\/p>\n<p data-start=\"508\" data-end=\"742\">Durante su mensaje, la senadora destac\u00f3 la labor realizada por Teen Challenge Puerto Rico durante casi seis d\u00e9cadas, resaltando c\u00f3mo la <strong data-start=\"644\" data-end=\"682\">fe, la esperanza y la restauraci\u00f3n<\/strong> han formado parte esencial de la misi\u00f3n de este ministerio.<\/p>\n<blockquote data-start=\"744\" data-end=\"937\">\n<p data-start=\"746\" data-end=\"937\">\u201cCada vida restaurada es una familia que recupera la fe\u201d, expres\u00f3 la senadora al reconocer el trabajo de l\u00edderes, empleados, voluntarios y colaboradores que han servido con amor y compromiso.<\/p>\n<\/blockquote>\n<p data-start=\"939\" data-end=\"1194\">El reconocimiento fue recibido durante una actividad celebrada en <strong data-start=\"1005\" data-end=\"1015\">Caguas<\/strong>, donde tambi\u00e9n se destac\u00f3 el impacto que Teen Challenge Puerto Rico ha tenido al brindar nuevas oportunidades a personas que atraviesan procesos de recuperaci\u00f3n y transformaci\u00f3n.<\/p>\n<h3 data-section-id=\"4xepvp\" data-start=\"1196\" data-end=\"1246\">Dr. Israel Figueroa agradece el reconocimiento<\/h3>\n<p data-start=\"1248\" data-end=\"1477\">El <strong data-start=\"1251\" data-end=\"1322\">Dr. Israel Figueroa, presidente y CEO de Teen Challenge Puerto Rico<\/strong>, expres\u00f3 su agradecimiento a la senadora Wandy Soto Tolentino por sus palabras y por reconocer p\u00fablicamente los <strong data-start=\"1435\" data-end=\"1476\">58 a\u00f1os de servicio de la instituci\u00f3n<\/strong>.<\/p>\n<p data-start=\"1479\" data-end=\"1797\">\u201cRecibimos este reconocimiento con profunda gratitud a Dios y con el compromiso renovado de continuar sirviendo a Puerto Rico. Cada vida transformada, cada familia restaurada y cada persona que encuentra una nueva oportunidad nos recuerda la importancia de seguir adelante con nuestra misi\u00f3n\u201d, destac\u00f3 el Dr. Figueroa.<\/p>\n<p data-start=\"1799\" data-end=\"2030\">En este <strong data-start=\"1807\" data-end=\"1829\">A\u00f1o de la Gratitud<\/strong>, Teen Challenge Puerto Rico tambi\u00e9n reconoce el esfuerzo de su equipo de trabajo, voluntarios, colaboradores, iglesias, organizaciones y comunidades que han sido parte fundamental de esta trayectoria.<\/p>\n<p data-start=\"2032\" data-end=\"2172\">Despu\u00e9s de 58 a\u00f1os, nuestra misi\u00f3n contin\u00faa firme: <strong data-start=\"2083\" data-end=\"2171\">llevar esperanza, promover la restauraci\u00f3n y demostrar que una nueva vida es posible<\/strong>.<\/p>\n<div id='gallery-1' class='gallery galleryid-11676 gallery-columns-4 gallery-size-medium'><figure class='gallery-item'>\n\t\t\t<div class='gallery-icon landscape'>\n\t\t\t\t<a href='https:\/\/teenchallengepr.org\/en\/senadora-wandy-soto-58-anos-teen-challenge-puerto-rico\/senadora-wandy-soto-58-anos-teen-challenge-puerto-rico-2\/'><img fetchpriority=\"high\" decoding=\"async\" width=\"300\" height=\"225\" src=\"https:\/\/teenchallengepr.org\/wp-content\/uploads\/2026\/09\/senadora-wandy-soto-58-anos-teen-challenge-puerto-rico-2-300x225.jpg\" class=\"attachment-medium size-medium\" alt=\"\" srcset=\"https:\/\/teenchallengepr.org\/wp-content\/uploads\/2026\/09\/senadora-wandy-soto-58-anos-teen-challenge-puerto-rico-2-300x225.jpg 300w, https:\/\/teenchallengepr.org\/wp-content\/uploads\/2026\/09\/senadora-wandy-soto-58-anos-teen-challenge-puerto-rico-2-1024x768.jpg 1024w, https:\/\/teenchallengepr.org\/wp-content\/uploads\/2026\/09\/senadora-wandy-soto-58-anos-teen-challenge-puerto-rico-2-768x576.jpg 768w, https:\/\/teenchallengepr.org\/wp-content\/uploads\/2026\/09\/senadora-wandy-soto-58-anos-teen-challenge-puerto-rico-2-1536x1152.jpg 1536w, https:\/\/teenchallengepr.org\/wp-content\/uploads\/2026\/09\/senadora-wandy-soto-58-anos-teen-challenge-puerto-rico-2-16x12.jpg 16w, https:\/\/teenchallengepr.org\/wp-content\/uploads\/2026\/09\/senadora-wandy-soto-58-anos-teen-challenge-puerto-rico-2-720x540.jpg 720w, https:\/\/teenchallengepr.org\/wp-content\/uploads\/2026\/09\/senadora-wandy-soto-58-anos-teen-challenge-puerto-rico-2-600x450.jpg 600w, https:\/\/teenchallengepr.org\/wp-content\/uploads\/2026\/09\/senadora-wandy-soto-58-anos-teen-challenge-puerto-rico-2.jpg 1600w\" sizes=\"(max-width: 300px) 100vw, 300px\" \/><\/a>\n\t\t\t<\/div><\/figure><figure class='gallery-item'>\n\t\t\t<div class='gallery-icon landscape'>\n\t\t\t\t<a href='https:\/\/teenchallengepr.org\/en\/senadora-wandy-soto-58-anos-teen-challenge-puerto-rico\/senadora-wandy-soto-58-anos-teen-challenge-puerto-rico-3\/'><img decoding=\"async\" width=\"300\" height=\"169\" src=\"https:\/\/teenchallengepr.org\/wp-content\/uploads\/2026\/09\/senadora-wandy-soto-58-anos-teen-challenge-puerto-rico-3-300x169.jpg\" class=\"attachment-medium size-medium\" alt=\"\" srcset=\"https:\/\/teenchallengepr.org\/wp-content\/uploads\/2026\/09\/senadora-wandy-soto-58-anos-teen-challenge-puerto-rico-3-300x169.jpg 300w, https:\/\/teenchallengepr.org\/wp-content\/uploads\/2026\/09\/senadora-wandy-soto-58-anos-teen-challenge-puerto-rico-3-1024x576.jpg 1024w, https:\/\/teenchallengepr.org\/wp-content\/uploads\/2026\/09\/senadora-wandy-soto-58-anos-teen-challenge-puerto-rico-3-768x432.jpg 768w, https:\/\/teenchallengepr.org\/wp-content\/uploads\/2026\/09\/senadora-wandy-soto-58-anos-teen-challenge-puerto-rico-3-1536x864.jpg 1536w, https:\/\/teenchallengepr.org\/wp-content\/uploads\/2026\/09\/senadora-wandy-soto-58-anos-teen-challenge-puerto-rico-3-18x10.jpg 18w, https:\/\/teenchallengepr.org\/wp-content\/uploads\/2026\/09\/senadora-wandy-soto-58-anos-teen-challenge-puerto-rico-3-720x405.jpg 720w, https:\/\/teenchallengepr.org\/wp-content\/uploads\/2026\/09\/senadora-wandy-soto-58-anos-teen-challenge-puerto-rico-3-600x338.jpg 600w, https:\/\/teenchallengepr.org\/wp-content\/uploads\/2026\/09\/senadora-wandy-soto-58-anos-teen-challenge-puerto-rico-3.jpg 1600w\" sizes=\"(max-width: 300px) 100vw, 300px\" \/><\/a>\n\t\t\t<\/div><\/figure><figure class='gallery-item'>\n\t\t\t<div class='gallery-icon landscape'>\n\t\t\t\t<a href='https:\/\/teenchallengepr.org\/en\/senadora-wandy-soto-58-anos-teen-challenge-puerto-rico\/senadora-wandy-soto-58-anos-teen-challenge-puerto-rico-4\/'><img decoding=\"async\" width=\"300\" height=\"225\" src=\"https:\/\/teenchallengepr.org\/wp-content\/uploads\/2026\/09\/senadora-wandy-soto-58-anos-teen-challenge-puerto-rico-4-300x225.jpg\" class=\"attachment-medium size-medium\" alt=\"\" srcset=\"https:\/\/teenchallengepr.org\/wp-content\/uploads\/2026\/09\/senadora-wandy-soto-58-anos-teen-challenge-puerto-rico-4-300x225.jpg 300w, https:\/\/teenchallengepr.org\/wp-content\/uploads\/2026\/09\/senadora-wandy-soto-58-anos-teen-challenge-puerto-rico-4-1024x768.jpg 1024w, https:\/\/teenchallengepr.org\/wp-content\/uploads\/2026\/09\/senadora-wandy-soto-58-anos-teen-challenge-puerto-rico-4-768x576.jpg 768w, https:\/\/teenchallengepr.org\/wp-content\/uploads\/2026\/09\/senadora-wandy-soto-58-anos-teen-challenge-puerto-rico-4-1536x1152.jpg 1536w, https:\/\/teenchallengepr.org\/wp-content\/uploads\/2026\/09\/senadora-wandy-soto-58-anos-teen-challenge-puerto-rico-4-16x12.jpg 16w, https:\/\/teenchallengepr.org\/wp-content\/uploads\/2026\/09\/senadora-wandy-soto-58-anos-teen-challenge-puerto-rico-4-720x540.jpg 720w, https:\/\/teenchallengepr.org\/wp-content\/uploads\/2026\/09\/senadora-wandy-soto-58-anos-teen-challenge-puerto-rico-4-600x450.jpg 600w, https:\/\/teenchallengepr.org\/wp-content\/uploads\/2026\/09\/senadora-wandy-soto-58-anos-teen-challenge-puerto-rico-4.jpg 1600w\" sizes=\"(max-width: 300px) 100vw, 300px\" \/><\/a>\n\t\t\t<\/div><\/figure><figure class='gallery-item'>\n\t\t\t<div class='gallery-icon landscape'>\n\t\t\t\t<a href='https:\/\/teenchallengepr.org\/en\/senadora-wandy-soto-58-anos-teen-challenge-puerto-rico\/senadora-wandy-soto-58-anos-teen-challenge-puerto-rico-5\/'><img loading=\"lazy\" decoding=\"async\" width=\"300\" height=\"225\" src=\"https:\/\/teenchallengepr.org\/wp-content\/uploads\/2026\/09\/senadora-wandy-soto-58-anos-teen-challenge-puerto-rico-5-300x225.jpg\" class=\"attachment-medium size-medium\" alt=\"\" srcset=\"https:\/\/teenchallengepr.org\/wp-content\/uploads\/2026\/09\/senadora-wandy-soto-58-anos-teen-challenge-puerto-rico-5-300x225.jpg 300w, https:\/\/teenchallengepr.org\/wp-content\/uploads\/2026\/09\/senadora-wandy-soto-58-anos-teen-challenge-puerto-rico-5-1024x768.jpg 1024w, https:\/\/teenchallengepr.org\/wp-content\/uploads\/2026\/09\/senadora-wandy-soto-58-anos-teen-challenge-puerto-rico-5-768x576.jpg 768w, https:\/\/teenchallengepr.org\/wp-content\/uploads\/2026\/09\/senadora-wandy-soto-58-anos-teen-challenge-puerto-rico-5-1536x1152.jpg 1536w, https:\/\/teenchallengepr.org\/wp-content\/uploads\/2026\/09\/senadora-wandy-soto-58-anos-teen-challenge-puerto-rico-5-16x12.jpg 16w, https:\/\/teenchallengepr.org\/wp-content\/uploads\/2026\/09\/senadora-wandy-soto-58-anos-teen-challenge-puerto-rico-5-720x540.jpg 720w, https:\/\/teenchallengepr.org\/wp-content\/uploads\/2026\/09\/senadora-wandy-soto-58-anos-teen-challenge-puerto-rico-5-600x450.jpg 600w, https:\/\/teenchallengepr.org\/wp-content\/uploads\/2026\/09\/senadora-wandy-soto-58-anos-teen-challenge-puerto-rico-5.jpg 2048w\" sizes=\"(max-width: 300px) 100vw, 300px\" \/><\/a>\n\t\t\t<\/div><\/figure><figure class='gallery-item'>\n\t\t\t<div class='gallery-icon landscape'>\n\t\t\t\t<a href='https:\/\/teenchallengepr.org\/en\/senadora-wandy-soto-58-anos-teen-challenge-puerto-rico\/senadora-wandy-soto-58-anos-teen-challenge-puerto-rico-6\/'><img loading=\"lazy\" decoding=\"async\" width=\"300\" height=\"169\" src=\"https:\/\/teenchallengepr.org\/wp-content\/uploads\/2026\/09\/senadora-wandy-soto-58-anos-teen-challenge-puerto-rico-6-300x169.jpg\" class=\"attachment-medium size-medium\" alt=\"\" srcset=\"https:\/\/teenchallengepr.org\/wp-content\/uploads\/2026\/09\/senadora-wandy-soto-58-anos-teen-challenge-puerto-rico-6-300x169.jpg 300w, https:\/\/teenchallengepr.org\/wp-content\/uploads\/2026\/09\/senadora-wandy-soto-58-anos-teen-challenge-puerto-rico-6-1024x576.jpg 1024w, https:\/\/teenchallengepr.org\/wp-content\/uploads\/2026\/09\/senadora-wandy-soto-58-anos-teen-challenge-puerto-rico-6-768x432.jpg 768w, https:\/\/teenchallengepr.org\/wp-content\/uploads\/2026\/09\/senadora-wandy-soto-58-anos-teen-challenge-puerto-rico-6-1536x864.jpg 1536w, https:\/\/teenchallengepr.org\/wp-content\/uploads\/2026\/09\/senadora-wandy-soto-58-anos-teen-challenge-puerto-rico-6-18x10.jpg 18w, https:\/\/teenchallengepr.org\/wp-content\/uploads\/2026\/09\/senadora-wandy-soto-58-anos-teen-challenge-puerto-rico-6-720x405.jpg 720w, https:\/\/teenchallengepr.org\/wp-content\/uploads\/2026\/09\/senadora-wandy-soto-58-anos-teen-challenge-puerto-rico-6-600x338.jpg 600w, https:\/\/teenchallengepr.org\/wp-content\/uploads\/2026\/09\/senadora-wandy-soto-58-anos-teen-challenge-puerto-rico-6.jpg 1600w\" sizes=\"(max-width: 300px) 100vw, 300px\" \/><\/a>\n\t\t\t<\/div><\/figure><figure class='gallery-item'>\n\t\t\t<div class='gallery-icon landscape'>\n\t\t\t\t<a href='https:\/\/teenchallengepr.org\/en\/senadora-wandy-soto-58-anos-teen-challenge-puerto-rico\/senadora-wandy-soto-58-anos-teen-challenge-puerto-rico-1-2\/'><img loading=\"lazy\" decoding=\"async\" width=\"300\" height=\"225\" src=\"https:\/\/teenchallengepr.org\/wp-content\/uploads\/2026\/09\/senadora-wandy-soto-58-anos-teen-challenge-puerto-rico-1-1-300x225.jpg\" class=\"attachment-medium size-medium\" alt=\"\" srcset=\"https:\/\/teenchallengepr.org\/wp-content\/uploads\/2026\/09\/senadora-wandy-soto-58-anos-teen-challenge-puerto-rico-1-1-300x225.jpg 300w, https:\/\/teenchallengepr.org\/wp-content\/uploads\/2026\/09\/senadora-wandy-soto-58-anos-teen-challenge-puerto-rico-1-1-1024x768.jpg 1024w, https:\/\/teenchallengepr.org\/wp-content\/uploads\/2026\/09\/senadora-wandy-soto-58-anos-teen-challenge-puerto-rico-1-1-768x576.jpg 768w, https:\/\/teenchallengepr.org\/wp-content\/uploads\/2026\/09\/senadora-wandy-soto-58-anos-teen-challenge-puerto-rico-1-1-1536x1152.jpg 1536w, https:\/\/teenchallengepr.org\/wp-content\/uploads\/2026\/09\/senadora-wandy-soto-58-anos-teen-challenge-puerto-rico-1-1-16x12.jpg 16w, https:\/\/teenchallengepr.org\/wp-content\/uploads\/2026\/09\/senadora-wandy-soto-58-anos-teen-challenge-puerto-rico-1-1-720x540.jpg 720w, https:\/\/teenchallengepr.org\/wp-content\/uploads\/2026\/09\/senadora-wandy-soto-58-anos-teen-challenge-puerto-rico-1-1-600x450.jpg 600w, https:\/\/teenchallengepr.org\/wp-content\/uploads\/2026\/09\/senadora-wandy-soto-58-anos-teen-challenge-puerto-rico-1-1.jpg 2048w\" sizes=\"(max-width: 300px) 100vw, 300px\" \/><\/a>\n\t\t\t<\/div><\/figure>\n\t\t<\/div>\n\n<p data-start=\"2174\" data-end=\"2256\">Puede ver la publicaci\u00f3n original de la senadora Wandy Soto Tolentino en Facebook:<\/p>\n<p data-start=\"2258\" data-end=\"2330\"><strong data-start=\"2258\" data-end=\"2283\">Publicaci\u00f3n original:<\/strong><br data-start=\"2283\" data-end=\"2286\" \/><a class=\"decorated-link\" href=\"https:\/\/www.facebook.com\/share\/p\/19Akm8zM73\/\" target=\"_new\" rel=\"noopener\" data-start=\"2286\" data-end=\"2330\">https:\/\/www.facebook.com\/share\/p\/19Akm8zM73\/<\/a><\/p>","protected":false},"excerpt":{"rendered":"<p>Teen Challenge Puerto Rico recibe reconocimiento por 58 a\u00f1os transformando vidas En el marco de la celebraci\u00f3n de los 58 a\u00f1os de servicio de Teen Challenge Puerto Rico, la senadora Wandy Soto Tolentino reconoci\u00f3 p\u00fablicamente la trayectoria de nuestra organizaci\u00f3n y su compromiso con la restauraci\u00f3n de vidas, familias y comunidades en Puerto Rico. Durante [&hellip;]<\/p>","protected":false},"author":1,"featured_media":11677,"comment_status":"closed","ping_status":"open","sticky":false,"template":"","format":"standard","meta":{"footnotes":""},"categories":[28],"tags":[122,101,123,93,105,104,124,92,125,121],"class_list":["post-11676","post","type-post","status-publish","format-standard","has-post-thumbnail","hentry","category-publicaciones","tag-58-anos-teen-challenge","tag-ano-de-la-gratitud","tag-caguas","tag-dr-israel-figueroa","tag-puerto-rico","tag-recuperacion","tag-restauracion-de-vidas","tag-teen-challenge-puerto-rico","tag-transformacion-de-vidas","tag-wandy-soto-tolentino"],"yoast_head":"<!-- This site is optimized with the Yoast SEO plugin v28.3 - https:\/\/yoast.com\/product\/yoast-seo-wordpress\/ -->\n<title>Senadora Wandy Soto reconoce los 58 a\u00f1os de Teen Challenge Puerto Rico - TEEN CHALLENGE PUERTO RICO<\/title>\n<meta name=\"description\" content=\"La senadora Wandy Soto Tolentino reconoce los 58 a\u00f1os de Teen Challenge Puerto Rico y su labor de restauraci\u00f3n, fe y esperanza en las comunidades.\" \/>\n<meta name=\"robots\" content=\"index, follow, max-snippet:-1, max-image-preview:large, max-video-preview:-1\" \/>\n<link rel=\"canonical\" href=\"https:\/\/teenchallengepr.org\/en\/senadora-wandy-soto-58-anos-teen-challenge-puerto-rico\/\" \/>\n<meta property=\"og:locale\" content=\"en_US\" \/>\n<meta property=\"og:type\" content=\"article\" \/>\n<meta property=\"og:title\" content=\"Senadora Wandy Soto reconoce los 58 a\u00f1os de Teen Challenge Puerto Rico - TEEN CHALLENGE PUERTO RICO\" \/>\n<meta property=\"og:description\" content=\"La senadora Wandy Soto Tolentino reconoce los 58 a\u00f1os de Teen Challenge Puerto Rico y su labor de restauraci\u00f3n, fe y esperanza en las comunidades.\" \/>\n<meta property=\"og:url\" content=\"https:\/\/teenchallengepr.org\/en\/senadora-wandy-soto-58-anos-teen-challenge-puerto-rico\/\" \/>\n<meta property=\"og:site_name\" content=\"TEEN CHALLENGE PUERTO RICO\" \/>\n<meta property=\"article:publisher\" content=\"https:\/\/www.facebook.com\/TeenChallengePuertoRico\" \/>\n<meta property=\"article:published_time\" content=\"2026-09-03T22:29:27+00:00\" \/>\n<meta property=\"og:image\" content=\"https:\/\/teenchallengepr.org\/wp-content\/uploads\/2026\/09\/senadora-wandy-soto-58-anos-teen-challenge-puerto-rico-1.jpg\" \/>\n\t<meta property=\"og:image:width\" content=\"2048\" \/>\n\t<meta property=\"og:image:height\" content=\"1536\" \/>\n\t<meta property=\"og:image:type\" content=\"image\/jpeg\" \/>\n<meta name=\"author\" content=\"jalweb\" \/>\n<meta name=\"twitter:card\" content=\"summary_large_image\" \/>\n<meta name=\"twitter:label1\" content=\"Written by\" \/>\n\t<meta name=\"twitter:data1\" content=\"jalweb\" \/>\n\t<meta name=\"twitter:label2\" content=\"Est. reading time\" \/>\n\t<meta name=\"twitter:data2\" content=\"2 minutes\" \/>\n<script type=\"application\/ld+json\" class=\"yoast-schema-graph\">{\"@context\":\"https:\\\/\\\/schema.org\",\"@graph\":[{\"@type\":\"Article\",\"@id\":\"https:\\\/\\\/teenchallengepr.org\\\/senadora-wandy-soto-58-anos-teen-challenge-puerto-rico\\\/#article\",\"isPartOf\":{\"@id\":\"https:\\\/\\\/teenchallengepr.org\\\/senadora-wandy-soto-58-anos-teen-challenge-puerto-rico\\\/\"},\"author\":{\"name\":\"jalweb\",\"@id\":\"https:\\\/\\\/teenchallengepr.org\\\/#\\\/schema\\\/person\\\/79c748d2d56c2e26e2bb63a9aea8f3dd\"},\"headline\":\"Senadora Wandy Soto reconoce los 58 a\u00f1os de Teen Challenge Puerto Rico\",\"datePublished\":\"2026-09-03T22:29:27+00:00\",\"mainEntityOfPage\":{\"@id\":\"https:\\\/\\\/teenchallengepr.org\\\/senadora-wandy-soto-58-anos-teen-challenge-puerto-rico\\\/\"},\"wordCount\":363,\"publisher\":{\"@id\":\"https:\\\/\\\/teenchallengepr.org\\\/#organization\"},\"image\":{\"@id\":\"https:\\\/\\\/teenchallengepr.org\\\/senadora-wandy-soto-58-anos-teen-challenge-puerto-rico\\\/#primaryimage\"},\"thumbnailUrl\":\"https:\\\/\\\/teenchallengepr.org\\\/wp-content\\\/uploads\\\/2026\\\/09\\\/senadora-wandy-soto-58-anos-teen-challenge-puerto-rico-1.jpg\",\"keywords\":[\"58 a\u00f1os Teen Challenge\",\"A\u00f1o de la Gratitud\",\"Caguas\",\"Dr. Israel Figueroa\",\"Puerto Rico.\",\"Recuperaci\u00f3n\",\"restauraci\u00f3n de vidas\",\"Teen Challenge Puerto Rico\",\"transformaci\u00f3n de vidas\",\"Wandy Soto Tolentino\"],\"articleSection\":[\"Publicaciones\"],\"inLanguage\":\"en-US\"},{\"@type\":\"WebPage\",\"@id\":\"https:\\\/\\\/teenchallengepr.org\\\/senadora-wandy-soto-58-anos-teen-challenge-puerto-rico\\\/\",\"url\":\"https:\\\/\\\/teenchallengepr.org\\\/senadora-wandy-soto-58-anos-teen-challenge-puerto-rico\\\/\",\"name\":\"Senadora Wandy Soto reconoce los 58 a\u00f1os de Teen Challenge Puerto Rico - TEEN CHALLENGE PUERTO RICO\",\"isPartOf\":{\"@id\":\"https:\\\/\\\/teenchallengepr.org\\\/#website\"},\"primaryImageOfPage\":{\"@id\":\"https:\\\/\\\/teenchallengepr.org\\\/senadora-wandy-soto-58-anos-teen-challenge-puerto-rico\\\/#primaryimage\"},\"image\":{\"@id\":\"https:\\\/\\\/teenchallengepr.org\\\/senadora-wandy-soto-58-anos-teen-challenge-puerto-rico\\\/#primaryimage\"},\"thumbnailUrl\":\"https:\\\/\\\/teenchallengepr.org\\\/wp-content\\\/uploads\\\/2026\\\/09\\\/senadora-wandy-soto-58-anos-teen-challenge-puerto-rico-1.jpg\",\"datePublished\":\"2026-09-03T22:29:27+00:00\",\"description\":\"La senadora Wandy Soto Tolentino reconoce los 58 a\u00f1os de Teen Challenge Puerto Rico y su labor de restauraci\u00f3n, fe y esperanza en las comunidades.\",\"breadcrumb\":{\"@id\":\"https:\\\/\\\/teenchallengepr.org\\\/senadora-wandy-soto-58-anos-teen-challenge-puerto-rico\\\/#breadcrumb\"},\"inLanguage\":\"en-US\",\"potentialAction\":[{\"@type\":\"ReadAction\",\"target\":[\"https:\\\/\\\/teenchallengepr.org\\\/senadora-wandy-soto-58-anos-teen-challenge-puerto-rico\\\/\"]}]},{\"@type\":\"ImageObject\",\"inLanguage\":\"en-US\",\"@id\":\"https:\\\/\\\/teenchallengepr.org\\\/senadora-wandy-soto-58-anos-teen-challenge-puerto-rico\\\/#primaryimage\",\"url\":\"https:\\\/\\\/teenchallengepr.org\\\/wp-content\\\/uploads\\\/2026\\\/09\\\/senadora-wandy-soto-58-anos-teen-challenge-puerto-rico-1.jpg\",\"contentUrl\":\"https:\\\/\\\/teenchallengepr.org\\\/wp-content\\\/uploads\\\/2026\\\/09\\\/senadora-wandy-soto-58-anos-teen-challenge-puerto-rico-1.jpg\",\"width\":2048,\"height\":1536},{\"@type\":\"BreadcrumbList\",\"@id\":\"https:\\\/\\\/teenchallengepr.org\\\/senadora-wandy-soto-58-anos-teen-challenge-puerto-rico\\\/#breadcrumb\",\"itemListElement\":[{\"@type\":\"ListItem\",\"position\":1,\"name\":\"Portada\",\"item\":\"https:\\\/\\\/teenchallengepr.org\\\/\"},{\"@type\":\"ListItem\",\"position\":2,\"name\":\"Senadora Wandy Soto reconoce los 58 a\u00f1os de Teen Challenge Puerto Rico\"}]},{\"@type\":\"WebSite\",\"@id\":\"https:\\\/\\\/teenchallengepr.org\\\/#website\",\"url\":\"https:\\\/\\\/teenchallengepr.org\\\/\",\"name\":\"TEEN CHALLENGE PUERTO RICO\",\"description\":\"Poniendo la Esperanza al Alcance de Todos\",\"publisher\":{\"@id\":\"https:\\\/\\\/teenchallengepr.org\\\/#organization\"},\"alternateName\":\"TEEN CHALLENGE PUERTO RICO\",\"potentialAction\":[{\"@type\":\"SearchAction\",\"target\":{\"@type\":\"EntryPoint\",\"urlTemplate\":\"https:\\\/\\\/teenchallengepr.org\\\/?s={search_term_string}\"},\"query-input\":{\"@type\":\"PropertyValueSpecification\",\"valueRequired\":true,\"valueName\":\"search_term_string\"}}],\"inLanguage\":\"en-US\"},{\"@type\":\"Organization\",\"@id\":\"https:\\\/\\\/teenchallengepr.org\\\/#organization\",\"name\":\"Teen Challenge Puerto Rico\",\"alternateName\":\"Teen Challenge Puerto Rico\",\"url\":\"https:\\\/\\\/teenchallengepr.org\\\/\",\"logo\":{\"@type\":\"ImageObject\",\"inLanguage\":\"en-US\",\"@id\":\"https:\\\/\\\/teenchallengepr.org\\\/#\\\/schema\\\/logo\\\/image\\\/\",\"url\":\"https:\\\/\\\/teenchallengepr.org\\\/wp-content\\\/uploads\\\/2020\\\/05\\\/logo-medio-teen.png\",\"contentUrl\":\"https:\\\/\\\/teenchallengepr.org\\\/wp-content\\\/uploads\\\/2020\\\/05\\\/logo-medio-teen.png\",\"width\":559,\"height\":589,\"caption\":\"Teen Challenge Puerto Rico\"},\"image\":{\"@id\":\"https:\\\/\\\/teenchallengepr.org\\\/#\\\/schema\\\/logo\\\/image\\\/\"},\"sameAs\":[\"https:\\\/\\\/www.facebook.com\\\/TeenChallengePuertoRico\",\"https:\\\/\\\/www.instagram.com\\\/teenchallenge_puertorico\\\/\",\"https:\\\/\\\/www.pinterest.es\\\/tcpuertorico\\\/\"]},{\"@type\":\"Person\",\"@id\":\"https:\\\/\\\/teenchallengepr.org\\\/#\\\/schema\\\/person\\\/79c748d2d56c2e26e2bb63a9aea8f3dd\",\"name\":\"jalweb\",\"image\":{\"@type\":\"ImageObject\",\"inLanguage\":\"en-US\",\"@id\":\"https:\\\/\\\/secure.gravatar.com\\\/avatar\\\/fe4640416e63418cdac352b99fffcfa3223e38ed68d2eea3516a049ff3103ded?s=96&r=r\",\"url\":\"https:\\\/\\\/secure.gravatar.com\\\/avatar\\\/fe4640416e63418cdac352b99fffcfa3223e38ed68d2eea3516a049ff3103ded?s=96&r=r\",\"contentUrl\":\"https:\\\/\\\/secure.gravatar.com\\\/avatar\\\/fe4640416e63418cdac352b99fffcfa3223e38ed68d2eea3516a049ff3103ded?s=96&r=r\",\"caption\":\"jalweb\"},\"url\":\"https:\\\/\\\/teenchallengepr.org\\\/en\\\/author\\\/jalweb\\\/\"}]}<\/script>\n<!-- \/ Yoast SEO plugin. -->","yoast_head_json":{"title":"Senadora Wandy Soto reconoce los 58 a\u00f1os de Teen Challenge Puerto Rico - TEEN CHALLENGE PUERTO RICO","description":"La senadora Wandy Soto Tolentino reconoce los 58 a\u00f1os de Teen Challenge Puerto Rico y su labor de restauraci\u00f3n, fe y esperanza en las comunidades.","robots":{"index":"index","follow":"follow","max-snippet":"max-snippet:-1","max-image-preview":"max-image-preview:large","max-video-preview":"max-video-preview:-1"},"canonical":"https:\/\/teenchallengepr.org\/en\/senadora-wandy-soto-58-anos-teen-challenge-puerto-rico\/","og_locale":"en_US","og_type":"article","og_title":"Senadora Wandy Soto reconoce los 58 a\u00f1os de Teen Challenge Puerto Rico - TEEN CHALLENGE PUERTO RICO","og_description":"La senadora Wandy Soto Tolentino reconoce los 58 a\u00f1os de Teen Challenge Puerto Rico y su labor de restauraci\u00f3n, fe y esperanza en las comunidades.","og_url":"https:\/\/teenchallengepr.org\/en\/senadora-wandy-soto-58-anos-teen-challenge-puerto-rico\/","og_site_name":"TEEN CHALLENGE PUERTO RICO","article_publisher":"https:\/\/www.facebook.com\/TeenChallengePuertoRico","article_published_time":"2026-09-03T22:29:27+00:00","og_image":[{"width":2048,"height":1536,"url":"https:\/\/teenchallengepr.org\/wp-content\/uploads\/2026\/09\/senadora-wandy-soto-58-anos-teen-challenge-puerto-rico-1.jpg","type":"image\/jpeg"}],"author":"jalweb","twitter_card":"summary_large_image","twitter_misc":{"Written by":"jalweb","Est. reading time":"2 minutes"},"schema":{"@context":"https:\/\/schema.org","@graph":[{"@type":"Article","@id":"https:\/\/teenchallengepr.org\/senadora-wandy-soto-58-anos-teen-challenge-puerto-rico\/#article","isPartOf":{"@id":"https:\/\/teenchallengepr.org\/senadora-wandy-soto-58-anos-teen-challenge-puerto-rico\/"},"author":{"name":"jalweb","@id":"https:\/\/teenchallengepr.org\/#\/schema\/person\/79c748d2d56c2e26e2bb63a9aea8f3dd"},"headline":"Senadora Wandy Soto reconoce los 58 a\u00f1os de Teen Challenge Puerto Rico","datePublished":"2026-09-03T22:29:27+00:00","mainEntityOfPage":{"@id":"https:\/\/teenchallengepr.org\/senadora-wandy-soto-58-anos-teen-challenge-puerto-rico\/"},"wordCount":363,"publisher":{"@id":"https:\/\/teenchallengepr.org\/#organization"},"image":{"@id":"https:\/\/teenchallengepr.org\/senadora-wandy-soto-58-anos-teen-challenge-puerto-rico\/#primaryimage"},"thumbnailUrl":"https:\/\/teenchallengepr.org\/wp-content\/uploads\/2026\/09\/senadora-wandy-soto-58-anos-teen-challenge-puerto-rico-1.jpg","keywords":["58 a\u00f1os Teen Challenge","A\u00f1o de la Gratitud","Caguas","Dr. Israel Figueroa","Puerto Rico.","Recuperaci\u00f3n","restauraci\u00f3n de vidas","Teen Challenge Puerto Rico","transformaci\u00f3n de vidas","Wandy Soto Tolentino"],"articleSection":["Publicaciones"],"inLanguage":"en-US"},{"@type":"WebPage","@id":"https:\/\/teenchallengepr.org\/senadora-wandy-soto-58-anos-teen-challenge-puerto-rico\/","url":"https:\/\/teenchallengepr.org\/senadora-wandy-soto-58-anos-teen-challenge-puerto-rico\/","name":"Senadora Wandy Soto reconoce los 58 a\u00f1os de Teen Challenge Puerto Rico - TEEN CHALLENGE PUERTO RICO","isPartOf":{"@id":"https:\/\/teenchallengepr.org\/#website"},"primaryImageOfPage":{"@id":"https:\/\/teenchallengepr.org\/senadora-wandy-soto-58-anos-teen-challenge-puerto-rico\/#primaryimage"},"image":{"@id":"https:\/\/teenchallengepr.org\/senadora-wandy-soto-58-anos-teen-challenge-puerto-rico\/#primaryimage"},"thumbnailUrl":"https:\/\/teenchallengepr.org\/wp-content\/uploads\/2026\/09\/senadora-wandy-soto-58-anos-teen-challenge-puerto-rico-1.jpg","datePublished":"2026-09-03T22:29:27+00:00","description":"La senadora Wandy Soto Tolentino reconoce los 58 a\u00f1os de Teen Challenge Puerto Rico y su labor de restauraci\u00f3n, fe y esperanza en las comunidades.","breadcrumb":{"@id":"https:\/\/teenchallengepr.org\/senadora-wandy-soto-58-anos-teen-challenge-puerto-rico\/#breadcrumb"},"inLanguage":"en-US","potentialAction":[{"@type":"ReadAction","target":["https:\/\/teenchallengepr.org\/senadora-wandy-soto-58-anos-teen-challenge-puerto-rico\/"]}]},{"@type":"ImageObject","inLanguage":"en-US","@id":"https:\/\/teenchallengepr.org\/senadora-wandy-soto-58-anos-teen-challenge-puerto-rico\/#primaryimage","url":"https:\/\/teenchallengepr.org\/wp-content\/uploads\/2026\/09\/senadora-wandy-soto-58-anos-teen-challenge-puerto-rico-1.jpg","contentUrl":"https:\/\/teenchallengepr.org\/wp-content\/uploads\/2026\/09\/senadora-wandy-soto-58-anos-teen-challenge-puerto-rico-1.jpg","width":2048,"height":1536},{"@type":"BreadcrumbList","@id":"https:\/\/teenchallengepr.org\/senadora-wandy-soto-58-anos-teen-challenge-puerto-rico\/#breadcrumb","itemListElement":[{"@type":"ListItem","position":1,"name":"Portada","item":"https:\/\/teenchallengepr.org\/"},{"@type":"ListItem","position":2,"name":"Senadora Wandy Soto reconoce los 58 a\u00f1os de Teen Challenge Puerto Rico"}]},{"@type":"WebSite","@id":"https:\/\/teenchallengepr.org\/#website","url":"https:\/\/teenchallengepr.org\/","name":"TEEN CHALLENGE PUERTO RICO","description":"Poniendo la Esperanza al Alcance de Todos","publisher":{"@id":"https:\/\/teenchallengepr.org\/#organization"},"alternateName":"TEEN CHALLENGE PUERTO RICO","potentialAction":[{"@type":"SearchAction","target":{"@type":"EntryPoint","urlTemplate":"https:\/\/teenchallengepr.org\/?s={search_term_string}"},"query-input":{"@type":"PropertyValueSpecification","valueRequired":true,"valueName":"search_term_string"}}],"inLanguage":"en-US"},{"@type":"Organization","@id":"https:\/\/teenchallengepr.org\/#organization","name":"Teen Challenge Puerto Rico","alternateName":"Teen Challenge Puerto Rico","url":"https:\/\/teenchallengepr.org\/","logo":{"@type":"ImageObject","inLanguage":"en-US","@id":"https:\/\/teenchallengepr.org\/#\/schema\/logo\/image\/","url":"https:\/\/teenchallengepr.org\/wp-content\/uploads\/2020\/05\/logo-medio-teen.png","contentUrl":"https:\/\/teenchallengepr.org\/wp-content\/uploads\/2020\/05\/logo-medio-teen.png","width":559,"height":589,"caption":"Teen Challenge Puerto Rico"},"image":{"@id":"https:\/\/teenchallengepr.org\/#\/schema\/logo\/image\/"},"sameAs":["https:\/\/www.facebook.com\/TeenChallengePuertoRico","https:\/\/www.instagram.com\/teenchallenge_puertorico\/","https:\/\/www.pinterest.es\/tcpuertorico\/"]},{"@type":"Person","@id":"https:\/\/teenchallengepr.org\/#\/schema\/person\/79c748d2d56c2e26e2bb63a9aea8f3dd","name":"jalweb","image":{"@type":"ImageObject","inLanguage":"en-US","@id":"https:\/\/secure.gravatar.com\/avatar\/fe4640416e63418cdac352b99fffcfa3223e38ed68d2eea3516a049ff3103ded?s=96&r=r","url":"https:\/\/secure.gravatar.com\/avatar\/fe4640416e63418cdac352b99fffcfa3223e38ed68d2eea3516a049ff3103ded?s=96&r=r","contentUrl":"https:\/\/secure.gravatar.com\/avatar\/fe4640416e63418cdac352b99fffcfa3223e38ed68d2eea3516a049ff3103ded?s=96&r=r","caption":"jalweb"},"url":"https:\/\/teenchallengepr.org\/en\/author\/jalweb\/"}]}},"_links":{"self":[{"href":"https:\/\/teenchallengepr.org\/en\/wp-json\/wp\/v2\/posts\/11676","targetHints":{"allow":["GET"]}}],"collection":[{"href":"https:\/\/teenchallengepr.org\/en\/wp-json\/wp\/v2\/posts"}],"about":[{"href":"https:\/\/teenchallengepr.org\/en\/wp-json\/wp\/v2\/types\/post"}],"author":[{"embeddable":true,"href":"https:\/\/teenchallengepr.org\/en\/wp-json\/wp\/v2\/users\/1"}],"replies":[{"embeddable":true,"href":"https:\/\/teenchallengepr.org\/en\/wp-json\/wp\/v2\/comments?post=11676"}],"version-history":[{"count":1,"href":"https:\/\/teenchallengepr.org\/en\/wp-json\/wp\/v2\/posts\/11676\/revisions"}],"predecessor-version":[{"id":11684,"href":"https:\/\/teenchallengepr.org\/en\/wp-json\/wp\/v2\/posts\/11676\/revisions\/11684"}],"wp:featuredmedia":[{"embeddable":true,"href":"https:\/\/teenchallengepr.org\/en\/wp-json\/wp\/v2\/media\/11677"}],"wp:attachment":[{"href":"https:\/\/teenchallengepr.org\/en\/wp-json\/wp\/v2\/media?parent=11676"}],"wp:term":[{"taxonomy":"category","embeddable":true,"href":"https:\/\/teenchallengepr.org\/en\/wp-json\/wp\/v2\/categories?post=11676"},{"taxonomy":"post_tag","embeddable":true,"href":"https:\/\/teenchallengepr.org\/en\/wp-json\/wp\/v2\/tags?post=11676"}],"curies":[{"name":"wp","href":"https:\/\/api.w.org\/{rel}","templated":true}]}}