{"id":11664,"date":"2026-09-02T22:46:50","date_gmt":"2026-09-03T02:46:50","guid":{"rendered":"https:\/\/teenchallengepr.org\/?p=11664"},"modified":"2026-09-02T22:46:50","modified_gmt":"2026-09-03T02:46:50","slug":"el-nuevo-dia-destaca-llamado-de-teen-challenge-puerto-rico-por-la-salud-mental","status":"publish","type":"post","link":"https:\/\/teenchallengepr.org\/en\/el-nuevo-dia-destaca-llamado-de-teen-challenge-puerto-rico-por-la-salud-mental\/","title":{"rendered":"El Nuevo D\u00eda destaca llamado de Teen Challenge Puerto Rico por la salud mental"},"content":{"rendered":"<p class=\"isSelectedEnd\"><strong>Teen Challenge Puerto Rico<\/strong> contin\u00faa fortaleciendo su compromiso con la recuperaci\u00f3n, la prevenci\u00f3n y la salud mental, llevando un mensaje de esperanza y colaboraci\u00f3n a toda nuestra comunidad.<\/p>\n<p class=\"isSelectedEnd\">El peri\u00f3dico <strong>El Nuevo D\u00eda<\/strong> destac\u00f3 la celebraci\u00f3n del <strong>Congreso Comunitario de Salud Mental y Adicciones 2026<\/strong>, realizado por Teen Challenge Puerto Rico para dar inicio al <strong>Mes de la Recuperaci\u00f3n de los Trastornos de Uso de Sustancias y Salud Mental<\/strong>.<\/p>\n<p class=\"isSelectedEnd\">El encuentro, celebrado en el <strong>Centro de Bellas Artes de Caguas<\/strong>, reuni\u00f3 a profesionales de la salud, l\u00edderes comunitarios, organizaciones, representantes gubernamentales y expertos invitados de Puerto Rico, Estados Unidos y Rep\u00fablica Dominicana.<\/p>\n<h2>Un llamado a unir esfuerzos<\/h2>\n<p class=\"isSelectedEnd\">Bajo el lema <strong>\u201cJuntos construimos esperanza, sanaci\u00f3n y transformaci\u00f3n\u201d<\/strong>, el Congreso sirvi\u00f3 como espacio de educaci\u00f3n, intercambio de conocimientos y colaboraci\u00f3n multisectorial.<\/p>\n<p class=\"isSelectedEnd\">Durante la jornada se abordaron temas relacionados con la salud mental, las adicciones, los procesos de recuperaci\u00f3n, el fortalecimiento familiar y la necesidad de continuar creando alianzas entre el gobierno, el sector de la salud, la academia y las organizaciones comunitarias.<\/p>\n<p class=\"isSelectedEnd\">El mensaje es claro: enfrentar los trastornos por uso de sustancias y los desaf\u00edos relacionados con la salud mental requiere del compromiso y la participaci\u00f3n de todos los sectores de nuestra sociedad.<\/p>\n<h2>La recuperaci\u00f3n es posible<\/h2>\n<p class=\"isSelectedEnd\">El <strong>Dr. Israel Figueroa Pastrana, presidente y CEO de Teen Challenge Puerto Rico<\/strong>, destac\u00f3 durante el encuentro que la recuperaci\u00f3n es posible y que ninguna persona tiene que recorrer este camino sola.<\/p>\n<p class=\"isSelectedEnd\">Asimismo, enfatiz\u00f3 que cuando se unen <strong>conocimiento, recursos, comunidad y voluntad de servir<\/strong>, es posible abrir nuevas oportunidades para las personas y sus familias.<\/p>\n<p class=\"isSelectedEnd\">El programa cont\u00f3 tambi\u00e9n con la participaci\u00f3n del <strong>Dr. Edgar Joel Col\u00f3n, la Dra. Sonia Navarro Gonz\u00e1lez, el psic\u00f3logo Teodoro Esca\u00f1o, de Rep\u00fablica Dominicana, y la Dra. Catherine Oliver, administradora de ASSMCA<\/strong>, entre otros profesionales y representantes relacionados con la salud y el bienestar.<\/p>\n<p class=\"isSelectedEnd\">Tambi\u00e9n estuvieron presentes delegaciones de <strong>Teen Challenge Estados Unidos, Teen Challenge Nuevo M\u00e9xico, Teen Challenge Global y Rep\u00fablica Dominicana<\/strong>, fortaleciendo el alcance colaborativo e internacional de esta iniciativa.<\/p>\n<h2>Septiembre: educaci\u00f3n, concienciaci\u00f3n y acci\u00f3n<\/h2>\n<p class=\"isSelectedEnd\">Como parte de la celebraci\u00f3n de su <strong>58.\u00ba aniversario<\/strong>, Teen Challenge Puerto Rico continuar\u00e1 desarrollando durante septiembre diversas iniciativas dirigidas a educar, sensibilizar y movilizar a la comunidad.<\/p>\n<p class=\"isSelectedEnd\">Entre ellas se encuentra el:<\/p>\n<h3>5K Transformando Vidas 2026<\/h3>\n<p class=\"isSelectedEnd\"><strong>S\u00e1bado, 12 de septiembre de 2026<\/strong><br \/>\n<strong>Paseo de las Artes de Caguas<\/strong><br \/>\n<strong>Salida: 6:30 a. m.<\/strong><\/p>\n<p class=\"isSelectedEnd\">Bajo el lema <strong>\u201cCada paso transforma una vida\u201d<\/strong>, esta carrera busca convertir la participaci\u00f3n comunitaria en una expresi\u00f3n de apoyo a la misi\u00f3n de Teen Challenge Puerto Rico y a todas las personas que trabajan diariamente por transformar sus vidas.<\/p>\n<h2>Gratitud por llevar este mensaje a m\u00e1s personas<\/h2>\n<p class=\"isSelectedEnd\">En este <strong>A\u00f1o de la Gratitud<\/strong>, agradecemos a <strong>El Nuevo D\u00eda<\/strong> por destacar la importancia de unir esfuerzos en favor de la salud mental, la prevenci\u00f3n y la recuperaci\u00f3n.<\/p>\n<p class=\"isSelectedEnd\">Tambi\u00e9n expresamos nuestro agradecimiento a cada profesional, organizaci\u00f3n, l\u00edder comunitario, colaborador, voluntario y participante que se une a esta misi\u00f3n.<\/p>\n<p class=\"isSelectedEnd\">En Teen Challenge Puerto Rico continuamos trabajando con la convicci\u00f3n de que <strong>la recuperaci\u00f3n es posible, cada vida tiene valor y juntos podemos construir esperanza, sanaci\u00f3n y transformaci\u00f3n<\/strong>.<\/p>\n<p><strong>Lee la publicaci\u00f3n completa de El Nuevo D\u00eda:<\/strong><br \/>\n<a href=\"https:\/\/www.elnuevodia.com\/estilos-de-vida\/salud\/notas\/llamado-a-unir-esfuerzos-por-la-salud-mental-asi-dio-inicio-el-mes-de-la-recuperacion-de-los-trastornos-de-uso-de-sustancias-y-salud-mental\/\" data-rich-text-autolink=\"\">https:\/\/www.elnuevodia.com\/estilos-de-vida\/salud\/notas\/llamado-a-unir-esfuerzos-por-la-salud-mental-asi-dio-inicio-el-mes-de-la-recuperacion-de-los-trastornos-de-uso-de-sustancias-y-salud-mental\/<\/a><\/p>","protected":false},"excerpt":{"rendered":"<p>Teen Challenge Puerto Rico contin\u00faa fortaleciendo su compromiso con la recuperaci\u00f3n, la prevenci\u00f3n y la salud mental, llevando un mensaje de esperanza y colaboraci\u00f3n a toda nuestra comunidad. El peri\u00f3dico El Nuevo D\u00eda destac\u00f3 la celebraci\u00f3n del Congreso Comunitario de Salud Mental y Adicciones 2026, realizado por Teen Challenge Puerto Rico para dar inicio al [&hellip;]<\/p>","protected":false},"author":1,"featured_media":11651,"comment_status":"closed","ping_status":"open","sticky":false,"template":"","format":"standard","meta":{"footnotes":""},"categories":[28],"tags":[98,120,93,119,116,114,117],"class_list":["post-11664","post","type-post","status-publish","format-standard","has-post-thumbnail","hentry","category-publicaciones","tag-5k-transformando-vidas","tag-congreso-comunitario-de-salud-mental-y-adicciones","tag-dr-israel-figueroa","tag-el-nuevo-dia-teen-challenge-puerto-rico","tag-mes-de-la-recuperacion","tag-recuperacion-de-adicciones-puerto-rico","tag-salud-mental-puerto-rico"],"yoast_head":"<!-- This site is optimized with the Yoast SEO plugin v28.3 - https:\/\/yoast.com\/product\/yoast-seo-wordpress\/ -->\n<title>El Nuevo D\u00eda destaca llamado de Teen Challenge Puerto Rico por la salud mental - TEEN CHALLENGE PUERTO RICO<\/title>\n<meta name=\"description\" content=\"El Nuevo D\u00eda destaca el llamado de Teen Challenge Puerto Rico a unir esfuerzos por la salud mental durante el Congreso Comunitario de Salud Mental y Adicciones 2026.\" \/>\n<meta name=\"robots\" content=\"index, follow, max-snippet:-1, max-image-preview:large, max-video-preview:-1\" \/>\n<link rel=\"canonical\" href=\"https:\/\/teenchallengepr.org\/en\/el-nuevo-dia-destaca-llamado-de-teen-challenge-puerto-rico-por-la-salud-mental\/\" \/>\n<meta property=\"og:locale\" content=\"en_US\" \/>\n<meta property=\"og:type\" content=\"article\" \/>\n<meta property=\"og:title\" content=\"El Nuevo D\u00eda destaca llamado de Teen Challenge Puerto Rico por la salud mental - TEEN CHALLENGE PUERTO RICO\" \/>\n<meta property=\"og:description\" content=\"El Nuevo D\u00eda destaca el llamado de Teen Challenge Puerto Rico a unir esfuerzos por la salud mental durante el Congreso Comunitario de Salud Mental y Adicciones 2026.\" \/>\n<meta property=\"og:url\" content=\"https:\/\/teenchallengepr.org\/en\/el-nuevo-dia-destaca-llamado-de-teen-challenge-puerto-rico-por-la-salud-mental\/\" \/>\n<meta property=\"og:site_name\" content=\"TEEN CHALLENGE PUERTO RICO\" \/>\n<meta property=\"article:publisher\" content=\"https:\/\/www.facebook.com\/TeenChallengePuertoRico\" \/>\n<meta property=\"article:published_time\" content=\"2026-09-03T02:46:50+00:00\" \/>\n<meta property=\"og:image\" content=\"https:\/\/teenchallengepr.org\/wp-content\/uploads\/2026\/09\/DR.-ISRAEL-PASTRANA.png\" \/>\n\t<meta property=\"og:image:width\" content=\"1800\" \/>\n\t<meta property=\"og:image:height\" content=\"1071\" \/>\n\t<meta property=\"og:image:type\" content=\"image\/png\" \/>\n<meta name=\"author\" content=\"jalweb\" \/>\n<meta name=\"twitter:card\" content=\"summary_large_image\" \/>\n<meta name=\"twitter:label1\" content=\"Written by\" \/>\n\t<meta name=\"twitter:data1\" content=\"jalweb\" \/>\n\t<meta name=\"twitter:label2\" content=\"Est. reading time\" \/>\n\t<meta name=\"twitter:data2\" content=\"3 minutes\" \/>\n<script type=\"application\/ld+json\" class=\"yoast-schema-graph\">{\"@context\":\"https:\\\/\\\/schema.org\",\"@graph\":[{\"@type\":\"Article\",\"@id\":\"https:\\\/\\\/teenchallengepr.org\\\/el-nuevo-dia-destaca-llamado-de-teen-challenge-puerto-rico-por-la-salud-mental\\\/#article\",\"isPartOf\":{\"@id\":\"https:\\\/\\\/teenchallengepr.org\\\/el-nuevo-dia-destaca-llamado-de-teen-challenge-puerto-rico-por-la-salud-mental\\\/\"},\"author\":{\"name\":\"jalweb\",\"@id\":\"https:\\\/\\\/teenchallengepr.org\\\/#\\\/schema\\\/person\\\/79c748d2d56c2e26e2bb63a9aea8f3dd\"},\"headline\":\"El Nuevo D\u00eda destaca llamado de Teen Challenge Puerto Rico por la salud mental\",\"datePublished\":\"2026-09-03T02:46:50+00:00\",\"mainEntityOfPage\":{\"@id\":\"https:\\\/\\\/teenchallengepr.org\\\/el-nuevo-dia-destaca-llamado-de-teen-challenge-puerto-rico-por-la-salud-mental\\\/\"},\"wordCount\":594,\"publisher\":{\"@id\":\"https:\\\/\\\/teenchallengepr.org\\\/#organization\"},\"image\":{\"@id\":\"https:\\\/\\\/teenchallengepr.org\\\/el-nuevo-dia-destaca-llamado-de-teen-challenge-puerto-rico-por-la-salud-mental\\\/#primaryimage\"},\"thumbnailUrl\":\"https:\\\/\\\/teenchallengepr.org\\\/wp-content\\\/uploads\\\/2026\\\/09\\\/DR.-ISRAEL-PASTRANA.png\",\"keywords\":[\"5K Transformando Vidas\",\"Congreso Comunitario de Salud Mental y Adicciones\",\"Dr. Israel Figueroa\",\"El Nuevo D\u00eda Teen Challenge Puerto Rico\",\"Mes de la Recuperaci\u00f3n\",\"recuperaci\u00f3n de adicciones Puerto Rico\",\"salud mental Puerto Rico\"],\"articleSection\":[\"Publicaciones\"],\"inLanguage\":\"en-US\"},{\"@type\":\"WebPage\",\"@id\":\"https:\\\/\\\/teenchallengepr.org\\\/el-nuevo-dia-destaca-llamado-de-teen-challenge-puerto-rico-por-la-salud-mental\\\/\",\"url\":\"https:\\\/\\\/teenchallengepr.org\\\/el-nuevo-dia-destaca-llamado-de-teen-challenge-puerto-rico-por-la-salud-mental\\\/\",\"name\":\"El Nuevo D\u00eda destaca llamado de Teen Challenge Puerto Rico por la salud mental - TEEN CHALLENGE PUERTO RICO\",\"isPartOf\":{\"@id\":\"https:\\\/\\\/teenchallengepr.org\\\/#website\"},\"primaryImageOfPage\":{\"@id\":\"https:\\\/\\\/teenchallengepr.org\\\/el-nuevo-dia-destaca-llamado-de-teen-challenge-puerto-rico-por-la-salud-mental\\\/#primaryimage\"},\"image\":{\"@id\":\"https:\\\/\\\/teenchallengepr.org\\\/el-nuevo-dia-destaca-llamado-de-teen-challenge-puerto-rico-por-la-salud-mental\\\/#primaryimage\"},\"thumbnailUrl\":\"https:\\\/\\\/teenchallengepr.org\\\/wp-content\\\/uploads\\\/2026\\\/09\\\/DR.-ISRAEL-PASTRANA.png\",\"datePublished\":\"2026-09-03T02:46:50+00:00\",\"description\":\"El Nuevo D\u00eda destaca el llamado de Teen Challenge Puerto Rico a unir esfuerzos por la salud mental durante el Congreso Comunitario de Salud Mental y Adicciones 2026.\",\"breadcrumb\":{\"@id\":\"https:\\\/\\\/teenchallengepr.org\\\/el-nuevo-dia-destaca-llamado-de-teen-challenge-puerto-rico-por-la-salud-mental\\\/#breadcrumb\"},\"inLanguage\":\"en-US\",\"potentialAction\":[{\"@type\":\"ReadAction\",\"target\":[\"https:\\\/\\\/teenchallengepr.org\\\/el-nuevo-dia-destaca-llamado-de-teen-challenge-puerto-rico-por-la-salud-mental\\\/\"]}]},{\"@type\":\"ImageObject\",\"inLanguage\":\"en-US\",\"@id\":\"https:\\\/\\\/teenchallengepr.org\\\/el-nuevo-dia-destaca-llamado-de-teen-challenge-puerto-rico-por-la-salud-mental\\\/#primaryimage\",\"url\":\"https:\\\/\\\/teenchallengepr.org\\\/wp-content\\\/uploads\\\/2026\\\/09\\\/DR.-ISRAEL-PASTRANA.png\",\"contentUrl\":\"https:\\\/\\\/teenchallengepr.org\\\/wp-content\\\/uploads\\\/2026\\\/09\\\/DR.-ISRAEL-PASTRANA.png\",\"width\":1800,\"height\":1071},{\"@type\":\"BreadcrumbList\",\"@id\":\"https:\\\/\\\/teenchallengepr.org\\\/el-nuevo-dia-destaca-llamado-de-teen-challenge-puerto-rico-por-la-salud-mental\\\/#breadcrumb\",\"itemListElement\":[{\"@type\":\"ListItem\",\"position\":1,\"name\":\"Portada\",\"item\":\"https:\\\/\\\/teenchallengepr.org\\\/\"},{\"@type\":\"ListItem\",\"position\":2,\"name\":\"El Nuevo D\u00eda destaca llamado de Teen Challenge Puerto Rico por la salud mental\"}]},{\"@type\":\"WebSite\",\"@id\":\"https:\\\/\\\/teenchallengepr.org\\\/#website\",\"url\":\"https:\\\/\\\/teenchallengepr.org\\\/\",\"name\":\"TEEN CHALLENGE PUERTO RICO\",\"description\":\"Poniendo la Esperanza al Alcance de Todos\",\"publisher\":{\"@id\":\"https:\\\/\\\/teenchallengepr.org\\\/#organization\"},\"alternateName\":\"TEEN CHALLENGE PUERTO RICO\",\"potentialAction\":[{\"@type\":\"SearchAction\",\"target\":{\"@type\":\"EntryPoint\",\"urlTemplate\":\"https:\\\/\\\/teenchallengepr.org\\\/?s={search_term_string}\"},\"query-input\":{\"@type\":\"PropertyValueSpecification\",\"valueRequired\":true,\"valueName\":\"search_term_string\"}}],\"inLanguage\":\"en-US\"},{\"@type\":\"Organization\",\"@id\":\"https:\\\/\\\/teenchallengepr.org\\\/#organization\",\"name\":\"Teen Challenge Puerto Rico\",\"alternateName\":\"Teen Challenge Puerto Rico\",\"url\":\"https:\\\/\\\/teenchallengepr.org\\\/\",\"logo\":{\"@type\":\"ImageObject\",\"inLanguage\":\"en-US\",\"@id\":\"https:\\\/\\\/teenchallengepr.org\\\/#\\\/schema\\\/logo\\\/image\\\/\",\"url\":\"https:\\\/\\\/teenchallengepr.org\\\/wp-content\\\/uploads\\\/2020\\\/05\\\/logo-medio-teen.png\",\"contentUrl\":\"https:\\\/\\\/teenchallengepr.org\\\/wp-content\\\/uploads\\\/2020\\\/05\\\/logo-medio-teen.png\",\"width\":559,\"height\":589,\"caption\":\"Teen Challenge Puerto Rico\"},\"image\":{\"@id\":\"https:\\\/\\\/teenchallengepr.org\\\/#\\\/schema\\\/logo\\\/image\\\/\"},\"sameAs\":[\"https:\\\/\\\/www.facebook.com\\\/TeenChallengePuertoRico\",\"https:\\\/\\\/www.instagram.com\\\/teenchallenge_puertorico\\\/\",\"https:\\\/\\\/www.pinterest.es\\\/tcpuertorico\\\/\"]},{\"@type\":\"Person\",\"@id\":\"https:\\\/\\\/teenchallengepr.org\\\/#\\\/schema\\\/person\\\/79c748d2d56c2e26e2bb63a9aea8f3dd\",\"name\":\"jalweb\",\"image\":{\"@type\":\"ImageObject\",\"inLanguage\":\"en-US\",\"@id\":\"https:\\\/\\\/secure.gravatar.com\\\/avatar\\\/fe4640416e63418cdac352b99fffcfa3223e38ed68d2eea3516a049ff3103ded?s=96&r=r\",\"url\":\"https:\\\/\\\/secure.gravatar.com\\\/avatar\\\/fe4640416e63418cdac352b99fffcfa3223e38ed68d2eea3516a049ff3103ded?s=96&r=r\",\"contentUrl\":\"https:\\\/\\\/secure.gravatar.com\\\/avatar\\\/fe4640416e63418cdac352b99fffcfa3223e38ed68d2eea3516a049ff3103ded?s=96&r=r\",\"caption\":\"jalweb\"},\"url\":\"https:\\\/\\\/teenchallengepr.org\\\/en\\\/author\\\/jalweb\\\/\"}]}<\/script>\n<!-- \/ Yoast SEO plugin. -->","yoast_head_json":{"title":"El Nuevo D\u00eda destaca llamado de Teen Challenge Puerto Rico por la salud mental - TEEN CHALLENGE PUERTO RICO","description":"El Nuevo D\u00eda destaca el llamado de Teen Challenge Puerto Rico a unir esfuerzos por la salud mental durante el Congreso Comunitario de Salud Mental y Adicciones 2026.","robots":{"index":"index","follow":"follow","max-snippet":"max-snippet:-1","max-image-preview":"max-image-preview:large","max-video-preview":"max-video-preview:-1"},"canonical":"https:\/\/teenchallengepr.org\/en\/el-nuevo-dia-destaca-llamado-de-teen-challenge-puerto-rico-por-la-salud-mental\/","og_locale":"en_US","og_type":"article","og_title":"El Nuevo D\u00eda destaca llamado de Teen Challenge Puerto Rico por la salud mental - TEEN CHALLENGE PUERTO RICO","og_description":"El Nuevo D\u00eda destaca el llamado de Teen Challenge Puerto Rico a unir esfuerzos por la salud mental durante el Congreso Comunitario de Salud Mental y Adicciones 2026.","og_url":"https:\/\/teenchallengepr.org\/en\/el-nuevo-dia-destaca-llamado-de-teen-challenge-puerto-rico-por-la-salud-mental\/","og_site_name":"TEEN CHALLENGE PUERTO RICO","article_publisher":"https:\/\/www.facebook.com\/TeenChallengePuertoRico","article_published_time":"2026-09-03T02:46:50+00:00","og_image":[{"width":1800,"height":1071,"url":"https:\/\/teenchallengepr.org\/wp-content\/uploads\/2026\/09\/DR.-ISRAEL-PASTRANA.png","type":"image\/png"}],"author":"jalweb","twitter_card":"summary_large_image","twitter_misc":{"Written by":"jalweb","Est. reading time":"3 minutes"},"schema":{"@context":"https:\/\/schema.org","@graph":[{"@type":"Article","@id":"https:\/\/teenchallengepr.org\/el-nuevo-dia-destaca-llamado-de-teen-challenge-puerto-rico-por-la-salud-mental\/#article","isPartOf":{"@id":"https:\/\/teenchallengepr.org\/el-nuevo-dia-destaca-llamado-de-teen-challenge-puerto-rico-por-la-salud-mental\/"},"author":{"name":"jalweb","@id":"https:\/\/teenchallengepr.org\/#\/schema\/person\/79c748d2d56c2e26e2bb63a9aea8f3dd"},"headline":"El Nuevo D\u00eda destaca llamado de Teen Challenge Puerto Rico por la salud mental","datePublished":"2026-09-03T02:46:50+00:00","mainEntityOfPage":{"@id":"https:\/\/teenchallengepr.org\/el-nuevo-dia-destaca-llamado-de-teen-challenge-puerto-rico-por-la-salud-mental\/"},"wordCount":594,"publisher":{"@id":"https:\/\/teenchallengepr.org\/#organization"},"image":{"@id":"https:\/\/teenchallengepr.org\/el-nuevo-dia-destaca-llamado-de-teen-challenge-puerto-rico-por-la-salud-mental\/#primaryimage"},"thumbnailUrl":"https:\/\/teenchallengepr.org\/wp-content\/uploads\/2026\/09\/DR.-ISRAEL-PASTRANA.png","keywords":["5K Transformando Vidas","Congreso Comunitario de Salud Mental y Adicciones","Dr. Israel Figueroa","El Nuevo D\u00eda Teen Challenge Puerto Rico","Mes de la Recuperaci\u00f3n","recuperaci\u00f3n de adicciones Puerto Rico","salud mental Puerto Rico"],"articleSection":["Publicaciones"],"inLanguage":"en-US"},{"@type":"WebPage","@id":"https:\/\/teenchallengepr.org\/el-nuevo-dia-destaca-llamado-de-teen-challenge-puerto-rico-por-la-salud-mental\/","url":"https:\/\/teenchallengepr.org\/el-nuevo-dia-destaca-llamado-de-teen-challenge-puerto-rico-por-la-salud-mental\/","name":"El Nuevo D\u00eda destaca llamado de Teen Challenge Puerto Rico por la salud mental - TEEN CHALLENGE PUERTO RICO","isPartOf":{"@id":"https:\/\/teenchallengepr.org\/#website"},"primaryImageOfPage":{"@id":"https:\/\/teenchallengepr.org\/el-nuevo-dia-destaca-llamado-de-teen-challenge-puerto-rico-por-la-salud-mental\/#primaryimage"},"image":{"@id":"https:\/\/teenchallengepr.org\/el-nuevo-dia-destaca-llamado-de-teen-challenge-puerto-rico-por-la-salud-mental\/#primaryimage"},"thumbnailUrl":"https:\/\/teenchallengepr.org\/wp-content\/uploads\/2026\/09\/DR.-ISRAEL-PASTRANA.png","datePublished":"2026-09-03T02:46:50+00:00","description":"El Nuevo D\u00eda destaca el llamado de Teen Challenge Puerto Rico a unir esfuerzos por la salud mental durante el Congreso Comunitario de Salud Mental y Adicciones 2026.","breadcrumb":{"@id":"https:\/\/teenchallengepr.org\/el-nuevo-dia-destaca-llamado-de-teen-challenge-puerto-rico-por-la-salud-mental\/#breadcrumb"},"inLanguage":"en-US","potentialAction":[{"@type":"ReadAction","target":["https:\/\/teenchallengepr.org\/el-nuevo-dia-destaca-llamado-de-teen-challenge-puerto-rico-por-la-salud-mental\/"]}]},{"@type":"ImageObject","inLanguage":"en-US","@id":"https:\/\/teenchallengepr.org\/el-nuevo-dia-destaca-llamado-de-teen-challenge-puerto-rico-por-la-salud-mental\/#primaryimage","url":"https:\/\/teenchallengepr.org\/wp-content\/uploads\/2026\/09\/DR.-ISRAEL-PASTRANA.png","contentUrl":"https:\/\/teenchallengepr.org\/wp-content\/uploads\/2026\/09\/DR.-ISRAEL-PASTRANA.png","width":1800,"height":1071},{"@type":"BreadcrumbList","@id":"https:\/\/teenchallengepr.org\/el-nuevo-dia-destaca-llamado-de-teen-challenge-puerto-rico-por-la-salud-mental\/#breadcrumb","itemListElement":[{"@type":"ListItem","position":1,"name":"Portada","item":"https:\/\/teenchallengepr.org\/"},{"@type":"ListItem","position":2,"name":"El Nuevo D\u00eda destaca llamado de Teen Challenge Puerto Rico por la salud mental"}]},{"@type":"WebSite","@id":"https:\/\/teenchallengepr.org\/#website","url":"https:\/\/teenchallengepr.org\/","name":"TEEN CHALLENGE PUERTO RICO","description":"Poniendo la Esperanza al Alcance de Todos","publisher":{"@id":"https:\/\/teenchallengepr.org\/#organization"},"alternateName":"TEEN CHALLENGE PUERTO RICO","potentialAction":[{"@type":"SearchAction","target":{"@type":"EntryPoint","urlTemplate":"https:\/\/teenchallengepr.org\/?s={search_term_string}"},"query-input":{"@type":"PropertyValueSpecification","valueRequired":true,"valueName":"search_term_string"}}],"inLanguage":"en-US"},{"@type":"Organization","@id":"https:\/\/teenchallengepr.org\/#organization","name":"Teen Challenge Puerto Rico","alternateName":"Teen Challenge Puerto Rico","url":"https:\/\/teenchallengepr.org\/","logo":{"@type":"ImageObject","inLanguage":"en-US","@id":"https:\/\/teenchallengepr.org\/#\/schema\/logo\/image\/","url":"https:\/\/teenchallengepr.org\/wp-content\/uploads\/2020\/05\/logo-medio-teen.png","contentUrl":"https:\/\/teenchallengepr.org\/wp-content\/uploads\/2020\/05\/logo-medio-teen.png","width":559,"height":589,"caption":"Teen Challenge Puerto Rico"},"image":{"@id":"https:\/\/teenchallengepr.org\/#\/schema\/logo\/image\/"},"sameAs":["https:\/\/www.facebook.com\/TeenChallengePuertoRico","https:\/\/www.instagram.com\/teenchallenge_puertorico\/","https:\/\/www.pinterest.es\/tcpuertorico\/"]},{"@type":"Person","@id":"https:\/\/teenchallengepr.org\/#\/schema\/person\/79c748d2d56c2e26e2bb63a9aea8f3dd","name":"jalweb","image":{"@type":"ImageObject","inLanguage":"en-US","@id":"https:\/\/secure.gravatar.com\/avatar\/fe4640416e63418cdac352b99fffcfa3223e38ed68d2eea3516a049ff3103ded?s=96&r=r","url":"https:\/\/secure.gravatar.com\/avatar\/fe4640416e63418cdac352b99fffcfa3223e38ed68d2eea3516a049ff3103ded?s=96&r=r","contentUrl":"https:\/\/secure.gravatar.com\/avatar\/fe4640416e63418cdac352b99fffcfa3223e38ed68d2eea3516a049ff3103ded?s=96&r=r","caption":"jalweb"},"url":"https:\/\/teenchallengepr.org\/en\/author\/jalweb\/"}]}},"_links":{"self":[{"href":"https:\/\/teenchallengepr.org\/en\/wp-json\/wp\/v2\/posts\/11664","targetHints":{"allow":["GET"]}}],"collection":[{"href":"https:\/\/teenchallengepr.org\/en\/wp-json\/wp\/v2\/posts"}],"about":[{"href":"https:\/\/teenchallengepr.org\/en\/wp-json\/wp\/v2\/types\/post"}],"author":[{"embeddable":true,"href":"https:\/\/teenchallengepr.org\/en\/wp-json\/wp\/v2\/users\/1"}],"replies":[{"embeddable":true,"href":"https:\/\/teenchallengepr.org\/en\/wp-json\/wp\/v2\/comments?post=11664"}],"version-history":[{"count":2,"href":"https:\/\/teenchallengepr.org\/en\/wp-json\/wp\/v2\/posts\/11664\/revisions"}],"predecessor-version":[{"id":11666,"href":"https:\/\/teenchallengepr.org\/en\/wp-json\/wp\/v2\/posts\/11664\/revisions\/11666"}],"wp:featuredmedia":[{"embeddable":true,"href":"https:\/\/teenchallengepr.org\/en\/wp-json\/wp\/v2\/media\/11651"}],"wp:attachment":[{"href":"https:\/\/teenchallengepr.org\/en\/wp-json\/wp\/v2\/media?parent=11664"}],"wp:term":[{"taxonomy":"category","embeddable":true,"href":"https:\/\/teenchallengepr.org\/en\/wp-json\/wp\/v2\/categories?post=11664"},{"taxonomy":"post_tag","embeddable":true,"href":"https:\/\/teenchallengepr.org\/en\/wp-json\/wp\/v2\/tags?post=11664"}],"curies":[{"name":"wp","href":"https:\/\/api.w.org\/{rel}","templated":true}]}}