{"id":11660,"date":"2026-09-02T21:09:17","date_gmt":"2026-09-03T01:09:17","guid":{"rendered":"https:\/\/teenchallengepr.org\/?p=11660"},"modified":"2026-09-02T21:09:17","modified_gmt":"2026-09-03T01:09:17","slug":"noticel-destaca-a-teen-challenge-puerto-rico-en-el-mes-de-la-recuperacion","status":"publish","type":"post","link":"https:\/\/teenchallengepr.org\/en\/noticel-destaca-a-teen-challenge-puerto-rico-en-el-mes-de-la-recuperacion\/","title":{"rendered":"NotiCel destaca a Teen Challenge Puerto Rico en el Mes de la Recuperaci\u00f3n"},"content":{"rendered":"<p class=\"isSelectedEnd\"><strong>Teen Challenge Puerto Rico<\/strong> contin\u00faa llevando a Puerto Rico un mensaje de esperanza, recuperaci\u00f3n y transformaci\u00f3n.<\/p>\n<p class=\"isSelectedEnd\">El medio <strong>NotiCel<\/strong> destac\u00f3 la celebraci\u00f3n del <strong>Congreso Comunitario de Salud Mental y Adicciones 2026<\/strong>, actividad con la que Teen Challenge Puerto Rico dio inicio al <strong>Mes de la Recuperaci\u00f3n de los Trastornos de Uso de Sustancias y Salud Mental<\/strong>.<\/p>\n<p class=\"isSelectedEnd\">El Congreso se celebr\u00f3 en el <strong>Centro de Bellas Artes de Caguas<\/strong> bajo el lema:<\/p>\n<p class=\"isSelectedEnd\"><strong>\u201cJuntos construimos esperanza, sanaci\u00f3n y transformaci\u00f3n\u201d.<\/strong><\/p>\n<p class=\"isSelectedEnd\">La jornada reuni\u00f3 a profesionales, l\u00edderes comunitarios, organizaciones y representantes gubernamentales para dialogar sobre prevenci\u00f3n, tratamiento, procesos de recuperaci\u00f3n, salud mental y fortalecimiento familiar.<\/p>\n<h2>La recuperaci\u00f3n es posible<\/h2>\n<p class=\"isSelectedEnd\">Durante el encuentro, el <strong>Dr. Israel Figueroa Pastrana, presidente y principal oficial ejecutivo de Teen Challenge Puerto Rico<\/strong>, reafirm\u00f3 uno de los mensajes centrales de nuestra misi\u00f3n:<\/p>\n<p class=\"isSelectedEnd\"><strong>\u201cLa recuperaci\u00f3n es posible y nadie tiene que recorrer ese camino solo\u201d.<\/strong><\/p>\n<p class=\"isSelectedEnd\">El Congreso tambi\u00e9n resalt\u00f3 la importancia de continuar ampliando las alianzas entre el Gobierno, el sector de la salud, la academia y las organizaciones comunitarias para fortalecer los servicios y oportunidades disponibles para las personas y familias que enfrentan trastornos relacionados con el uso de sustancias y la salud mental.<\/p>\n<p class=\"isSelectedEnd\">Entre los participantes mencionados por NotiCel estuvieron <strong>Edgar Joel Col\u00f3n, Sonia Navarro Gonz\u00e1lez, el psic\u00f3logo Teodoro Esca\u00f1o, de Rep\u00fablica Dominicana, y Catherine Oliver, administradora de ASSMCA<\/strong>.<\/p>\n<p class=\"isSelectedEnd\">Adem\u00e1s, estuvieron presentes delegaciones de <strong>Teen Challenge Estados Unidos, Teen Challenge Nuevo M\u00e9xico, Teen Challenge Global y Rep\u00fablica Dominicana<\/strong>.<\/p>\n<h2>Septiembre contin\u00faa con nuevas iniciativas<\/h2>\n<p class=\"isSelectedEnd\">Como parte de las actividades del Mes de la Recuperaci\u00f3n y de la celebraci\u00f3n del <strong>58 aniversario de Teen Challenge Puerto Rico<\/strong>, nuestra organizaci\u00f3n realizar\u00e1 el:<\/p>\n<h3>5K Transformando Vidas 2026<\/h3>\n<p class=\"isSelectedEnd\"><strong>S\u00e1bado, 12 de septiembre de 2026<\/strong><br \/>\n<strong>Paseo de las Artes, Caguas<\/strong><br \/>\n<strong>Hora de salida: 6:30 a. m.<\/strong><\/p>\n<p class=\"isSelectedEnd\">Teen Challenge Puerto Rico continuar\u00e1 durante septiembre desarrollando actividades dirigidas a <strong>educar, crear conciencia y promover la recuperaci\u00f3n y la salud mental<\/strong> en nuestras comunidades.<\/p>\n<h2>Gracias a NotiCel por amplificar este mensaje<\/h2>\n<p class=\"isSelectedEnd\">En este <strong>A\u00f1o de la Gratitud<\/strong>, expresamos nuestro agradecimiento a <strong>NotiCel<\/strong> por destacar esta iniciativa y contribuir a que el mensaje de recuperaci\u00f3n, educaci\u00f3n y esperanza pueda llegar a m\u00e1s personas y familias.<\/p>\n<p class=\"isSelectedEnd\">Agradecemos igualmente a cada profesional, l\u00edder, organizaci\u00f3n, colaborador, voluntario y participante que contin\u00faa apoyando la misi\u00f3n de Teen Challenge Puerto Rico.<\/p>\n<p class=\"isSelectedEnd\">Seguimos trabajando unidos para demostrar que <strong>la recuperaci\u00f3n es posible, la esperanza permanece y cada vida tiene valor<\/strong>.<\/p>\n<p><strong>Lee la publicaci\u00f3n completa de NotiCel:<\/strong><br \/>\n<a href=\"https:\/\/noticel.com\/noticias\/20260902\/teen-challenge-abre-mes-de-la-recuperacion-con-congreso-sobre-salud-mental-y-adicciones\/\" data-rich-text-autolink=\"\">https:\/\/noticel.com\/noticias\/20260902\/teen-challenge-abre-mes-de-la-recuperacion-con-congreso-sobre-salud-mental-y-adicciones\/<\/a><\/p>","protected":false},"excerpt":{"rendered":"<p>Teen Challenge Puerto Rico contin\u00faa llevando a Puerto Rico un mensaje de esperanza, recuperaci\u00f3n y transformaci\u00f3n. El medio NotiCel destac\u00f3 la celebraci\u00f3n del Congreso Comunitario de Salud Mental y Adicciones 2026, actividad con la que Teen Challenge Puerto Rico dio inicio al Mes de la Recuperaci\u00f3n de los Trastornos de Uso de Sustancias y Salud [&hellip;]<\/p>","protected":false},"author":1,"featured_media":11651,"comment_status":"closed","ping_status":"open","sticky":false,"template":"","format":"standard","meta":{"footnotes":""},"categories":[28],"tags":[98,113,93,116,115,110,117],"class_list":["post-11660","post","type-post","status-publish","format-standard","has-post-thumbnail","hentry","category-publicaciones","tag-5k-transformando-vidas","tag-congreso-salud-mental-y-adicciones-2026","tag-dr-israel-figueroa","tag-mes-de-la-recuperacion","tag-noticel-teen-challenge-puerto-rico","tag-recuperacion-de-adicciones","tag-salud-mental-puerto-rico"],"yoast_head":"<!-- This site is optimized with the Yoast SEO plugin v28.3 - https:\/\/yoast.com\/product\/yoast-seo-wordpress\/ -->\n<title>NotiCel destaca a Teen Challenge Puerto Rico en el Mes de la Recuperaci\u00f3n - TEEN CHALLENGE PUERTO RICO<\/title>\n<meta name=\"description\" content=\"NotiCel destaca el Congreso Comunitario de Salud Mental y Adicciones 2026 con el que Teen Challenge Puerto Rico inici\u00f3 el Mes de la Recuperaci\u00f3n.\" \/>\n<meta name=\"robots\" content=\"index, follow, max-snippet:-1, max-image-preview:large, max-video-preview:-1\" \/>\n<link rel=\"canonical\" href=\"https:\/\/teenchallengepr.org\/en\/noticel-destaca-a-teen-challenge-puerto-rico-en-el-mes-de-la-recuperacion\/\" \/>\n<meta property=\"og:locale\" content=\"en_US\" \/>\n<meta property=\"og:type\" content=\"article\" \/>\n<meta property=\"og:title\" content=\"NotiCel destaca a Teen Challenge Puerto Rico en el Mes de la Recuperaci\u00f3n - TEEN CHALLENGE PUERTO RICO\" \/>\n<meta property=\"og:description\" content=\"NotiCel destaca el Congreso Comunitario de Salud Mental y Adicciones 2026 con el que Teen Challenge Puerto Rico inici\u00f3 el Mes de la Recuperaci\u00f3n.\" \/>\n<meta property=\"og:url\" content=\"https:\/\/teenchallengepr.org\/en\/noticel-destaca-a-teen-challenge-puerto-rico-en-el-mes-de-la-recuperacion\/\" \/>\n<meta property=\"og:site_name\" content=\"TEEN CHALLENGE PUERTO RICO\" \/>\n<meta property=\"article:publisher\" content=\"https:\/\/www.facebook.com\/TeenChallengePuertoRico\" \/>\n<meta property=\"article:published_time\" content=\"2026-09-03T01:09:17+00:00\" \/>\n<meta property=\"og:image\" content=\"https:\/\/teenchallengepr.org\/wp-content\/uploads\/2026\/09\/DR.-ISRAEL-PASTRANA.png\" \/>\n\t<meta property=\"og:image:width\" content=\"1800\" \/>\n\t<meta property=\"og:image:height\" content=\"1071\" \/>\n\t<meta property=\"og:image:type\" content=\"image\/png\" \/>\n<meta name=\"author\" content=\"jalweb\" \/>\n<meta name=\"twitter:card\" content=\"summary_large_image\" \/>\n<meta name=\"twitter:label1\" content=\"Written by\" \/>\n\t<meta name=\"twitter:data1\" content=\"jalweb\" \/>\n\t<meta name=\"twitter:label2\" content=\"Est. reading time\" \/>\n\t<meta name=\"twitter:data2\" content=\"3 minutes\" \/>\n<script type=\"application\/ld+json\" class=\"yoast-schema-graph\">{\"@context\":\"https:\\\/\\\/schema.org\",\"@graph\":[{\"@type\":\"Article\",\"@id\":\"https:\\\/\\\/teenchallengepr.org\\\/noticel-destaca-a-teen-challenge-puerto-rico-en-el-mes-de-la-recuperacion\\\/#article\",\"isPartOf\":{\"@id\":\"https:\\\/\\\/teenchallengepr.org\\\/noticel-destaca-a-teen-challenge-puerto-rico-en-el-mes-de-la-recuperacion\\\/\"},\"author\":{\"name\":\"jalweb\",\"@id\":\"https:\\\/\\\/teenchallengepr.org\\\/#\\\/schema\\\/person\\\/79c748d2d56c2e26e2bb63a9aea8f3dd\"},\"headline\":\"NotiCel destaca a Teen Challenge Puerto Rico en el Mes de la Recuperaci\u00f3n\",\"datePublished\":\"2026-09-03T01:09:17+00:00\",\"mainEntityOfPage\":{\"@id\":\"https:\\\/\\\/teenchallengepr.org\\\/noticel-destaca-a-teen-challenge-puerto-rico-en-el-mes-de-la-recuperacion\\\/\"},\"wordCount\":452,\"publisher\":{\"@id\":\"https:\\\/\\\/teenchallengepr.org\\\/#organization\"},\"image\":{\"@id\":\"https:\\\/\\\/teenchallengepr.org\\\/noticel-destaca-a-teen-challenge-puerto-rico-en-el-mes-de-la-recuperacion\\\/#primaryimage\"},\"thumbnailUrl\":\"https:\\\/\\\/teenchallengepr.org\\\/wp-content\\\/uploads\\\/2026\\\/09\\\/DR.-ISRAEL-PASTRANA.png\",\"keywords\":[\"5K Transformando Vidas\",\"Congreso Salud Mental y Adicciones 2026\",\"Dr. Israel Figueroa\",\"Mes de la Recuperaci\u00f3n\",\"NotiCel Teen Challenge Puerto Rico\",\"recuperaci\u00f3n de adicciones\",\"salud mental Puerto Rico\"],\"articleSection\":[\"Publicaciones\"],\"inLanguage\":\"en-US\"},{\"@type\":\"WebPage\",\"@id\":\"https:\\\/\\\/teenchallengepr.org\\\/noticel-destaca-a-teen-challenge-puerto-rico-en-el-mes-de-la-recuperacion\\\/\",\"url\":\"https:\\\/\\\/teenchallengepr.org\\\/noticel-destaca-a-teen-challenge-puerto-rico-en-el-mes-de-la-recuperacion\\\/\",\"name\":\"NotiCel destaca a Teen Challenge Puerto Rico en el Mes de la Recuperaci\u00f3n - TEEN CHALLENGE PUERTO RICO\",\"isPartOf\":{\"@id\":\"https:\\\/\\\/teenchallengepr.org\\\/#website\"},\"primaryImageOfPage\":{\"@id\":\"https:\\\/\\\/teenchallengepr.org\\\/noticel-destaca-a-teen-challenge-puerto-rico-en-el-mes-de-la-recuperacion\\\/#primaryimage\"},\"image\":{\"@id\":\"https:\\\/\\\/teenchallengepr.org\\\/noticel-destaca-a-teen-challenge-puerto-rico-en-el-mes-de-la-recuperacion\\\/#primaryimage\"},\"thumbnailUrl\":\"https:\\\/\\\/teenchallengepr.org\\\/wp-content\\\/uploads\\\/2026\\\/09\\\/DR.-ISRAEL-PASTRANA.png\",\"datePublished\":\"2026-09-03T01:09:17+00:00\",\"description\":\"NotiCel destaca el Congreso Comunitario de Salud Mental y Adicciones 2026 con el que Teen Challenge Puerto Rico inici\u00f3 el Mes de la Recuperaci\u00f3n.\",\"breadcrumb\":{\"@id\":\"https:\\\/\\\/teenchallengepr.org\\\/noticel-destaca-a-teen-challenge-puerto-rico-en-el-mes-de-la-recuperacion\\\/#breadcrumb\"},\"inLanguage\":\"en-US\",\"potentialAction\":[{\"@type\":\"ReadAction\",\"target\":[\"https:\\\/\\\/teenchallengepr.org\\\/noticel-destaca-a-teen-challenge-puerto-rico-en-el-mes-de-la-recuperacion\\\/\"]}]},{\"@type\":\"ImageObject\",\"inLanguage\":\"en-US\",\"@id\":\"https:\\\/\\\/teenchallengepr.org\\\/noticel-destaca-a-teen-challenge-puerto-rico-en-el-mes-de-la-recuperacion\\\/#primaryimage\",\"url\":\"https:\\\/\\\/teenchallengepr.org\\\/wp-content\\\/uploads\\\/2026\\\/09\\\/DR.-ISRAEL-PASTRANA.png\",\"contentUrl\":\"https:\\\/\\\/teenchallengepr.org\\\/wp-content\\\/uploads\\\/2026\\\/09\\\/DR.-ISRAEL-PASTRANA.png\",\"width\":1800,\"height\":1071},{\"@type\":\"BreadcrumbList\",\"@id\":\"https:\\\/\\\/teenchallengepr.org\\\/noticel-destaca-a-teen-challenge-puerto-rico-en-el-mes-de-la-recuperacion\\\/#breadcrumb\",\"itemListElement\":[{\"@type\":\"ListItem\",\"position\":1,\"name\":\"Portada\",\"item\":\"https:\\\/\\\/teenchallengepr.org\\\/\"},{\"@type\":\"ListItem\",\"position\":2,\"name\":\"NotiCel destaca a Teen Challenge Puerto Rico en el Mes de la Recuperaci\u00f3n\"}]},{\"@type\":\"WebSite\",\"@id\":\"https:\\\/\\\/teenchallengepr.org\\\/#website\",\"url\":\"https:\\\/\\\/teenchallengepr.org\\\/\",\"name\":\"TEEN CHALLENGE PUERTO RICO\",\"description\":\"Poniendo la Esperanza al Alcance de Todos\",\"publisher\":{\"@id\":\"https:\\\/\\\/teenchallengepr.org\\\/#organization\"},\"alternateName\":\"TEEN CHALLENGE PUERTO RICO\",\"potentialAction\":[{\"@type\":\"SearchAction\",\"target\":{\"@type\":\"EntryPoint\",\"urlTemplate\":\"https:\\\/\\\/teenchallengepr.org\\\/?s={search_term_string}\"},\"query-input\":{\"@type\":\"PropertyValueSpecification\",\"valueRequired\":true,\"valueName\":\"search_term_string\"}}],\"inLanguage\":\"en-US\"},{\"@type\":\"Organization\",\"@id\":\"https:\\\/\\\/teenchallengepr.org\\\/#organization\",\"name\":\"Teen Challenge Puerto Rico\",\"alternateName\":\"Teen Challenge Puerto Rico\",\"url\":\"https:\\\/\\\/teenchallengepr.org\\\/\",\"logo\":{\"@type\":\"ImageObject\",\"inLanguage\":\"en-US\",\"@id\":\"https:\\\/\\\/teenchallengepr.org\\\/#\\\/schema\\\/logo\\\/image\\\/\",\"url\":\"https:\\\/\\\/teenchallengepr.org\\\/wp-content\\\/uploads\\\/2020\\\/05\\\/logo-medio-teen.png\",\"contentUrl\":\"https:\\\/\\\/teenchallengepr.org\\\/wp-content\\\/uploads\\\/2020\\\/05\\\/logo-medio-teen.png\",\"width\":559,\"height\":589,\"caption\":\"Teen Challenge Puerto Rico\"},\"image\":{\"@id\":\"https:\\\/\\\/teenchallengepr.org\\\/#\\\/schema\\\/logo\\\/image\\\/\"},\"sameAs\":[\"https:\\\/\\\/www.facebook.com\\\/TeenChallengePuertoRico\",\"https:\\\/\\\/www.instagram.com\\\/teenchallenge_puertorico\\\/\",\"https:\\\/\\\/www.pinterest.es\\\/tcpuertorico\\\/\"]},{\"@type\":\"Person\",\"@id\":\"https:\\\/\\\/teenchallengepr.org\\\/#\\\/schema\\\/person\\\/79c748d2d56c2e26e2bb63a9aea8f3dd\",\"name\":\"jalweb\",\"image\":{\"@type\":\"ImageObject\",\"inLanguage\":\"en-US\",\"@id\":\"https:\\\/\\\/secure.gravatar.com\\\/avatar\\\/fe4640416e63418cdac352b99fffcfa3223e38ed68d2eea3516a049ff3103ded?s=96&r=r\",\"url\":\"https:\\\/\\\/secure.gravatar.com\\\/avatar\\\/fe4640416e63418cdac352b99fffcfa3223e38ed68d2eea3516a049ff3103ded?s=96&r=r\",\"contentUrl\":\"https:\\\/\\\/secure.gravatar.com\\\/avatar\\\/fe4640416e63418cdac352b99fffcfa3223e38ed68d2eea3516a049ff3103ded?s=96&r=r\",\"caption\":\"jalweb\"},\"url\":\"https:\\\/\\\/teenchallengepr.org\\\/en\\\/author\\\/jalweb\\\/\"}]}<\/script>\n<!-- \/ Yoast SEO plugin. -->","yoast_head_json":{"title":"NotiCel destaca a Teen Challenge Puerto Rico en el Mes de la Recuperaci\u00f3n - TEEN CHALLENGE PUERTO RICO","description":"NotiCel destaca el Congreso Comunitario de Salud Mental y Adicciones 2026 con el que Teen Challenge Puerto Rico inici\u00f3 el Mes de la Recuperaci\u00f3n.","robots":{"index":"index","follow":"follow","max-snippet":"max-snippet:-1","max-image-preview":"max-image-preview:large","max-video-preview":"max-video-preview:-1"},"canonical":"https:\/\/teenchallengepr.org\/en\/noticel-destaca-a-teen-challenge-puerto-rico-en-el-mes-de-la-recuperacion\/","og_locale":"en_US","og_type":"article","og_title":"NotiCel destaca a Teen Challenge Puerto Rico en el Mes de la Recuperaci\u00f3n - TEEN CHALLENGE PUERTO RICO","og_description":"NotiCel destaca el Congreso Comunitario de Salud Mental y Adicciones 2026 con el que Teen Challenge Puerto Rico inici\u00f3 el Mes de la Recuperaci\u00f3n.","og_url":"https:\/\/teenchallengepr.org\/en\/noticel-destaca-a-teen-challenge-puerto-rico-en-el-mes-de-la-recuperacion\/","og_site_name":"TEEN CHALLENGE PUERTO RICO","article_publisher":"https:\/\/www.facebook.com\/TeenChallengePuertoRico","article_published_time":"2026-09-03T01:09:17+00:00","og_image":[{"width":1800,"height":1071,"url":"https:\/\/teenchallengepr.org\/wp-content\/uploads\/2026\/09\/DR.-ISRAEL-PASTRANA.png","type":"image\/png"}],"author":"jalweb","twitter_card":"summary_large_image","twitter_misc":{"Written by":"jalweb","Est. reading time":"3 minutes"},"schema":{"@context":"https:\/\/schema.org","@graph":[{"@type":"Article","@id":"https:\/\/teenchallengepr.org\/noticel-destaca-a-teen-challenge-puerto-rico-en-el-mes-de-la-recuperacion\/#article","isPartOf":{"@id":"https:\/\/teenchallengepr.org\/noticel-destaca-a-teen-challenge-puerto-rico-en-el-mes-de-la-recuperacion\/"},"author":{"name":"jalweb","@id":"https:\/\/teenchallengepr.org\/#\/schema\/person\/79c748d2d56c2e26e2bb63a9aea8f3dd"},"headline":"NotiCel destaca a Teen Challenge Puerto Rico en el Mes de la Recuperaci\u00f3n","datePublished":"2026-09-03T01:09:17+00:00","mainEntityOfPage":{"@id":"https:\/\/teenchallengepr.org\/noticel-destaca-a-teen-challenge-puerto-rico-en-el-mes-de-la-recuperacion\/"},"wordCount":452,"publisher":{"@id":"https:\/\/teenchallengepr.org\/#organization"},"image":{"@id":"https:\/\/teenchallengepr.org\/noticel-destaca-a-teen-challenge-puerto-rico-en-el-mes-de-la-recuperacion\/#primaryimage"},"thumbnailUrl":"https:\/\/teenchallengepr.org\/wp-content\/uploads\/2026\/09\/DR.-ISRAEL-PASTRANA.png","keywords":["5K Transformando Vidas","Congreso Salud Mental y Adicciones 2026","Dr. Israel Figueroa","Mes de la Recuperaci\u00f3n","NotiCel Teen Challenge Puerto Rico","recuperaci\u00f3n de adicciones","salud mental Puerto Rico"],"articleSection":["Publicaciones"],"inLanguage":"en-US"},{"@type":"WebPage","@id":"https:\/\/teenchallengepr.org\/noticel-destaca-a-teen-challenge-puerto-rico-en-el-mes-de-la-recuperacion\/","url":"https:\/\/teenchallengepr.org\/noticel-destaca-a-teen-challenge-puerto-rico-en-el-mes-de-la-recuperacion\/","name":"NotiCel destaca a Teen Challenge Puerto Rico en el Mes de la Recuperaci\u00f3n - TEEN CHALLENGE PUERTO RICO","isPartOf":{"@id":"https:\/\/teenchallengepr.org\/#website"},"primaryImageOfPage":{"@id":"https:\/\/teenchallengepr.org\/noticel-destaca-a-teen-challenge-puerto-rico-en-el-mes-de-la-recuperacion\/#primaryimage"},"image":{"@id":"https:\/\/teenchallengepr.org\/noticel-destaca-a-teen-challenge-puerto-rico-en-el-mes-de-la-recuperacion\/#primaryimage"},"thumbnailUrl":"https:\/\/teenchallengepr.org\/wp-content\/uploads\/2026\/09\/DR.-ISRAEL-PASTRANA.png","datePublished":"2026-09-03T01:09:17+00:00","description":"NotiCel destaca el Congreso Comunitario de Salud Mental y Adicciones 2026 con el que Teen Challenge Puerto Rico inici\u00f3 el Mes de la Recuperaci\u00f3n.","breadcrumb":{"@id":"https:\/\/teenchallengepr.org\/noticel-destaca-a-teen-challenge-puerto-rico-en-el-mes-de-la-recuperacion\/#breadcrumb"},"inLanguage":"en-US","potentialAction":[{"@type":"ReadAction","target":["https:\/\/teenchallengepr.org\/noticel-destaca-a-teen-challenge-puerto-rico-en-el-mes-de-la-recuperacion\/"]}]},{"@type":"ImageObject","inLanguage":"en-US","@id":"https:\/\/teenchallengepr.org\/noticel-destaca-a-teen-challenge-puerto-rico-en-el-mes-de-la-recuperacion\/#primaryimage","url":"https:\/\/teenchallengepr.org\/wp-content\/uploads\/2026\/09\/DR.-ISRAEL-PASTRANA.png","contentUrl":"https:\/\/teenchallengepr.org\/wp-content\/uploads\/2026\/09\/DR.-ISRAEL-PASTRANA.png","width":1800,"height":1071},{"@type":"BreadcrumbList","@id":"https:\/\/teenchallengepr.org\/noticel-destaca-a-teen-challenge-puerto-rico-en-el-mes-de-la-recuperacion\/#breadcrumb","itemListElement":[{"@type":"ListItem","position":1,"name":"Portada","item":"https:\/\/teenchallengepr.org\/"},{"@type":"ListItem","position":2,"name":"NotiCel destaca a Teen Challenge Puerto Rico en el Mes de la Recuperaci\u00f3n"}]},{"@type":"WebSite","@id":"https:\/\/teenchallengepr.org\/#website","url":"https:\/\/teenchallengepr.org\/","name":"TEEN CHALLENGE PUERTO RICO","description":"Poniendo la Esperanza al Alcance de Todos","publisher":{"@id":"https:\/\/teenchallengepr.org\/#organization"},"alternateName":"TEEN CHALLENGE PUERTO RICO","potentialAction":[{"@type":"SearchAction","target":{"@type":"EntryPoint","urlTemplate":"https:\/\/teenchallengepr.org\/?s={search_term_string}"},"query-input":{"@type":"PropertyValueSpecification","valueRequired":true,"valueName":"search_term_string"}}],"inLanguage":"en-US"},{"@type":"Organization","@id":"https:\/\/teenchallengepr.org\/#organization","name":"Teen Challenge Puerto Rico","alternateName":"Teen Challenge Puerto Rico","url":"https:\/\/teenchallengepr.org\/","logo":{"@type":"ImageObject","inLanguage":"en-US","@id":"https:\/\/teenchallengepr.org\/#\/schema\/logo\/image\/","url":"https:\/\/teenchallengepr.org\/wp-content\/uploads\/2020\/05\/logo-medio-teen.png","contentUrl":"https:\/\/teenchallengepr.org\/wp-content\/uploads\/2020\/05\/logo-medio-teen.png","width":559,"height":589,"caption":"Teen Challenge Puerto Rico"},"image":{"@id":"https:\/\/teenchallengepr.org\/#\/schema\/logo\/image\/"},"sameAs":["https:\/\/www.facebook.com\/TeenChallengePuertoRico","https:\/\/www.instagram.com\/teenchallenge_puertorico\/","https:\/\/www.pinterest.es\/tcpuertorico\/"]},{"@type":"Person","@id":"https:\/\/teenchallengepr.org\/#\/schema\/person\/79c748d2d56c2e26e2bb63a9aea8f3dd","name":"jalweb","image":{"@type":"ImageObject","inLanguage":"en-US","@id":"https:\/\/secure.gravatar.com\/avatar\/fe4640416e63418cdac352b99fffcfa3223e38ed68d2eea3516a049ff3103ded?s=96&r=r","url":"https:\/\/secure.gravatar.com\/avatar\/fe4640416e63418cdac352b99fffcfa3223e38ed68d2eea3516a049ff3103ded?s=96&r=r","contentUrl":"https:\/\/secure.gravatar.com\/avatar\/fe4640416e63418cdac352b99fffcfa3223e38ed68d2eea3516a049ff3103ded?s=96&r=r","caption":"jalweb"},"url":"https:\/\/teenchallengepr.org\/en\/author\/jalweb\/"}]}},"_links":{"self":[{"href":"https:\/\/teenchallengepr.org\/en\/wp-json\/wp\/v2\/posts\/11660","targetHints":{"allow":["GET"]}}],"collection":[{"href":"https:\/\/teenchallengepr.org\/en\/wp-json\/wp\/v2\/posts"}],"about":[{"href":"https:\/\/teenchallengepr.org\/en\/wp-json\/wp\/v2\/types\/post"}],"author":[{"embeddable":true,"href":"https:\/\/teenchallengepr.org\/en\/wp-json\/wp\/v2\/users\/1"}],"replies":[{"embeddable":true,"href":"https:\/\/teenchallengepr.org\/en\/wp-json\/wp\/v2\/comments?post=11660"}],"version-history":[{"count":2,"href":"https:\/\/teenchallengepr.org\/en\/wp-json\/wp\/v2\/posts\/11660\/revisions"}],"predecessor-version":[{"id":11662,"href":"https:\/\/teenchallengepr.org\/en\/wp-json\/wp\/v2\/posts\/11660\/revisions\/11662"}],"wp:featuredmedia":[{"embeddable":true,"href":"https:\/\/teenchallengepr.org\/en\/wp-json\/wp\/v2\/media\/11651"}],"wp:attachment":[{"href":"https:\/\/teenchallengepr.org\/en\/wp-json\/wp\/v2\/media?parent=11660"}],"wp:term":[{"taxonomy":"category","embeddable":true,"href":"https:\/\/teenchallengepr.org\/en\/wp-json\/wp\/v2\/categories?post=11660"},{"taxonomy":"post_tag","embeddable":true,"href":"https:\/\/teenchallengepr.org\/en\/wp-json\/wp\/v2\/tags?post=11660"}],"curies":[{"name":"wp","href":"https:\/\/api.w.org\/{rel}","templated":true}]}}