{"id":11654,"date":"2026-09-02T16:34:32","date_gmt":"2026-09-02T20:34:32","guid":{"rendered":"https:\/\/teenchallengepr.org\/?p=11654"},"modified":"2026-09-02T22:48:46","modified_gmt":"2026-09-03T02:48:46","slug":"teleonce-resalta-la-labor-de-teen-challenge-puerto-rico-durante-el-mes-de-la-recuperacion","status":"publish","type":"post","link":"https:\/\/teenchallengepr.org\/en\/teleonce-resalta-la-labor-de-teen-challenge-puerto-rico-durante-el-mes-de-la-recuperacion\/","title":{"rendered":"TeleOnce resalta la labor de Teen Challenge Puerto Rico durante el Mes de la Recuperaci\u00f3n"},"content":{"rendered":"<p class=\"isSelectedEnd\"><strong>Teen Challenge Puerto Rico<\/strong> contin\u00faa llevando un mensaje de esperanza, recuperaci\u00f3n y transformaci\u00f3n a toda la comunidad.<\/p>\n<p class=\"isSelectedEnd\">El medio <strong>TeleOnce<\/strong> destac\u00f3 la celebraci\u00f3n del <strong>Congreso Comunitario de Salud Mental y Adicciones 2026<\/strong>, actividad con la que Teen Challenge Puerto Rico dio inicio al <strong>Mes de la Recuperaci\u00f3n de los Trastornos de Uso de Sustancias y Salud Mental<\/strong>, celebrada en el <strong>Centro de Bellas Artes de Caguas<\/strong>.<\/p>\n<h2>Juntos construimos esperanza, sanaci\u00f3n y transformaci\u00f3n<\/h2>\n<p class=\"isSelectedEnd\">Bajo el lema <strong>\u201cJuntos construimos esperanza, sanaci\u00f3n y transformaci\u00f3n\u201d<\/strong>, el Congreso reuni\u00f3 a profesionales de la salud, l\u00edderes comunitarios, organizaciones, representantes gubernamentales y expertos de Puerto Rico, Estados Unidos y Rep\u00fablica Dominicana.<\/p>\n<p class=\"isSelectedEnd\">Durante el encuentro se abordaron temas relacionados con los procesos de recuperaci\u00f3n, la prevenci\u00f3n, el fortalecimiento familiar y la importancia de desarrollar alianzas entre el gobierno, el sector de la salud, la academia y las organizaciones comunitarias.<\/p>\n<p class=\"isSelectedEnd\">Entre los participantes destacados estuvieron el <strong>Dr. Israel Figueroa Pastrana, presidente y CEO de Teen Challenge Puerto Rico<\/strong>, el Dr. Edgar Joel Col\u00f3n, la Dra. Sonia Navarro Gonz\u00e1lez, el psic\u00f3logo Teodoro Esca\u00f1o, de Rep\u00fablica Dominicana, y la Dra. Catherine Oliver, administradora de ASSMCA, entre otros profesionales y l\u00edderes.<\/p>\n<p class=\"isSelectedEnd\">Tambi\u00e9n participaron delegaciones de Teen Challenge de Estados Unidos, Nuevo M\u00e9xico, Teen Challenge Global y Rep\u00fablica Dominicana.<\/p>\n<h2>\u201cLa recuperaci\u00f3n es posible\u201d<\/h2>\n<p class=\"isSelectedEnd\">Durante el Congreso, el Dr. Israel Figueroa Pastrana reafirm\u00f3 uno de los mensajes fundamentales de la misi\u00f3n de Teen Challenge Puerto Rico:<\/p>\n<p class=\"isSelectedEnd\"><strong>\u201cLa recuperaci\u00f3n es posible y nadie tiene que recorrer ese camino solo\u201d.<\/strong><\/p>\n<p class=\"isSelectedEnd\">Este mensaje representa el compromiso permanente de nuestra organizaci\u00f3n de acompa\u00f1ar a las personas y familias que enfrentan los desaf\u00edos relacionados con los trastornos por uso de sustancias y la salud mental.<\/p>\n<h2>Celebramos 58 a\u00f1os transformando vidas<\/h2>\n<p class=\"isSelectedEnd\">Como parte de las actividades conmemorativas por el <strong>58.\u00ba aniversario de Teen Challenge Puerto Rico<\/strong>, continuamos nuestro calendario del Mes de la Recuperaci\u00f3n con el <strong>5K Transformando Vidas 2026<\/strong>.<\/p>\n<p class=\"isSelectedEnd\">La carrera se celebrar\u00e1 el:<\/p>\n<p class=\"isSelectedEnd\"><strong>S\u00e1bado, 12 de septiembre de 2026<\/strong><br \/>\n<strong>Paseo de las Artes, Caguas<\/strong><br \/>\n<strong>Salida: 6:30 a. m.<\/strong><\/p>\n<p class=\"isSelectedEnd\">Bajo el lema:<\/p>\n<p class=\"isSelectedEnd\"><strong>\u201cCada paso transforma una vida\u201d<\/strong><\/p>\n<p class=\"isSelectedEnd\">el 5K representa una oportunidad para unir a familias, organizaciones, profesionales y ciudadanos en apoyo a la recuperaci\u00f3n y la transformaci\u00f3n de vidas.<\/p>\n<h2>Agradecidos por llevar nuestro mensaje m\u00e1s lejos<\/h2>\n<p class=\"isSelectedEnd\">En este <strong>A\u00f1o de la Gratitud<\/strong>, agradecemos a <strong>TeleOnce<\/strong> por destacar esta iniciativa y contribuir a llevar a m\u00e1s personas un mensaje de educaci\u00f3n, prevenci\u00f3n, recuperaci\u00f3n y esperanza.<\/p>\n<p class=\"isSelectedEnd\">Tambi\u00e9n agradecemos a cada profesional, colaborador, auspiciador, voluntario, participante y organizaci\u00f3n que contin\u00faa caminando junto a Teen Challenge Puerto Rico.<\/p>\n<p class=\"isSelectedEnd\">Seguimos comprometidos con nuestra misi\u00f3n de transformar vidas y recordar a Puerto Rico que <strong>la recuperaci\u00f3n es posible<\/strong>.<\/p>\n<p><strong>Lee la publicaci\u00f3n completa de TeleOnce:<\/strong><br \/>\n<a href=\"https:\/\/teleonce.com\/noticias\/locales\/teen-challenge-pr-inicia-mes-de-la-recuperacion-con-congreso-sobre-salud-mental-y-adicciones\/\" data-rich-text-autolink=\"\">https:\/\/teleonce.com\/noticias\/locales\/teen-challenge-pr-inicia-mes-de-la-recuperacion-con-congreso-sobre-salud-mental-y-adicciones\/<\/a><\/p>","protected":false},"excerpt":{"rendered":"<p>Teen Challenge Puerto Rico contin\u00faa llevando un mensaje de esperanza, recuperaci\u00f3n y transformaci\u00f3n a toda la comunidad. El medio TeleOnce destac\u00f3 la celebraci\u00f3n del Congreso Comunitario de Salud Mental y Adicciones 2026, actividad con la que Teen Challenge Puerto Rico dio inicio al Mes de la Recuperaci\u00f3n de los Trastornos de Uso de Sustancias y [&hellip;]<\/p>","protected":false},"author":1,"featured_media":11655,"comment_status":"closed","ping_status":"open","sticky":false,"template":"","format":"standard","meta":{"footnotes":""},"categories":[28],"tags":[111,113,93,108,114,112],"class_list":["post-11654","post","type-post","status-publish","format-standard","has-post-thumbnail","hentry","category-publicaciones","tag-5k-transformando-vidas-2026","tag-congreso-salud-mental-y-adicciones-2026","tag-dr-israel-figueroa","tag-mes-de-la-recuperacion-puerto-rico","tag-recuperacion-de-adicciones-puerto-rico","tag-teleonce-teen-challenge-puerto-rico"],"yoast_head":"<!-- This site is optimized with the Yoast SEO plugin v28.3 - https:\/\/yoast.com\/product\/yoast-seo-wordpress\/ -->\n<title>TeleOnce resalta la labor de Teen Challenge Puerto Rico durante el Mes de la Recuperaci\u00f3n - TEEN CHALLENGE PUERTO RICO<\/title>\n<meta name=\"description\" content=\"TeleOnce destaca el Congreso Comunitario de Salud Mental y Adicciones 2026 con el que Teen Challenge Puerto Rico inici\u00f3 el Mes de la Recuperaci\u00f3n.\" \/>\n<meta name=\"robots\" content=\"index, follow, max-snippet:-1, max-image-preview:large, max-video-preview:-1\" \/>\n<link rel=\"canonical\" href=\"https:\/\/teenchallengepr.org\/en\/teleonce-resalta-la-labor-de-teen-challenge-puerto-rico-durante-el-mes-de-la-recuperacion\/\" \/>\n<meta property=\"og:locale\" content=\"en_US\" \/>\n<meta property=\"og:type\" content=\"article\" \/>\n<meta property=\"og:title\" content=\"TeleOnce resalta la labor de Teen Challenge Puerto Rico durante el Mes de la Recuperaci\u00f3n - TEEN CHALLENGE PUERTO RICO\" \/>\n<meta property=\"og:description\" content=\"TeleOnce destaca el Congreso Comunitario de Salud Mental y Adicciones 2026 con el que Teen Challenge Puerto Rico inici\u00f3 el Mes de la Recuperaci\u00f3n.\" \/>\n<meta property=\"og:url\" content=\"https:\/\/teenchallengepr.org\/en\/teleonce-resalta-la-labor-de-teen-challenge-puerto-rico-durante-el-mes-de-la-recuperacion\/\" \/>\n<meta property=\"og:site_name\" content=\"TEEN CHALLENGE PUERTO RICO\" \/>\n<meta property=\"article:publisher\" content=\"https:\/\/www.facebook.com\/TeenChallengePuertoRico\" \/>\n<meta property=\"article:published_time\" content=\"2026-09-02T20:34:32+00:00\" \/>\n<meta property=\"article:modified_time\" content=\"2026-09-03T02:48:46+00:00\" \/>\n<meta property=\"og:image\" content=\"https:\/\/teenchallengepr.org\/wp-content\/uploads\/2026\/09\/DR.-ISRAEL-PASTRANA-metro.png\" \/>\n\t<meta property=\"og:image:width\" content=\"1800\" \/>\n\t<meta property=\"og:image:height\" content=\"1071\" \/>\n\t<meta property=\"og:image:type\" content=\"image\/png\" \/>\n<meta name=\"author\" content=\"jalweb\" \/>\n<meta name=\"twitter:card\" content=\"summary_large_image\" \/>\n<meta name=\"twitter:label1\" content=\"Written by\" \/>\n\t<meta name=\"twitter:data1\" content=\"jalweb\" \/>\n\t<meta name=\"twitter:label2\" content=\"Est. reading time\" \/>\n\t<meta name=\"twitter:data2\" content=\"3 minutes\" \/>\n<script type=\"application\/ld+json\" class=\"yoast-schema-graph\">{\"@context\":\"https:\\\/\\\/schema.org\",\"@graph\":[{\"@type\":\"Article\",\"@id\":\"https:\\\/\\\/teenchallengepr.org\\\/teleonce-resalta-la-labor-de-teen-challenge-puerto-rico-durante-el-mes-de-la-recuperacion\\\/#article\",\"isPartOf\":{\"@id\":\"https:\\\/\\\/teenchallengepr.org\\\/teleonce-resalta-la-labor-de-teen-challenge-puerto-rico-durante-el-mes-de-la-recuperacion\\\/\"},\"author\":{\"name\":\"jalweb\",\"@id\":\"https:\\\/\\\/teenchallengepr.org\\\/#\\\/schema\\\/person\\\/79c748d2d56c2e26e2bb63a9aea8f3dd\"},\"headline\":\"TeleOnce resalta la labor de Teen Challenge Puerto Rico durante el Mes de la Recuperaci\u00f3n\",\"datePublished\":\"2026-09-02T20:34:32+00:00\",\"dateModified\":\"2026-09-03T02:48:46+00:00\",\"mainEntityOfPage\":{\"@id\":\"https:\\\/\\\/teenchallengepr.org\\\/teleonce-resalta-la-labor-de-teen-challenge-puerto-rico-durante-el-mes-de-la-recuperacion\\\/\"},\"wordCount\":500,\"publisher\":{\"@id\":\"https:\\\/\\\/teenchallengepr.org\\\/#organization\"},\"image\":{\"@id\":\"https:\\\/\\\/teenchallengepr.org\\\/teleonce-resalta-la-labor-de-teen-challenge-puerto-rico-durante-el-mes-de-la-recuperacion\\\/#primaryimage\"},\"thumbnailUrl\":\"https:\\\/\\\/teenchallengepr.org\\\/wp-content\\\/uploads\\\/2026\\\/09\\\/DR.-ISRAEL-PASTRANA-metro.png\",\"keywords\":[\"5K Transformando Vidas 2026\",\"Congreso Salud Mental y Adicciones 2026\",\"Dr. Israel Figueroa\",\"Mes de la Recuperaci\u00f3n Puerto Rico\",\"recuperaci\u00f3n de adicciones Puerto Rico\",\"TeleOnce Teen Challenge Puerto Rico\"],\"articleSection\":[\"Publicaciones\"],\"inLanguage\":\"en-US\"},{\"@type\":\"WebPage\",\"@id\":\"https:\\\/\\\/teenchallengepr.org\\\/teleonce-resalta-la-labor-de-teen-challenge-puerto-rico-durante-el-mes-de-la-recuperacion\\\/\",\"url\":\"https:\\\/\\\/teenchallengepr.org\\\/teleonce-resalta-la-labor-de-teen-challenge-puerto-rico-durante-el-mes-de-la-recuperacion\\\/\",\"name\":\"TeleOnce resalta la labor de Teen Challenge Puerto Rico durante el Mes de la Recuperaci\u00f3n - TEEN CHALLENGE PUERTO RICO\",\"isPartOf\":{\"@id\":\"https:\\\/\\\/teenchallengepr.org\\\/#website\"},\"primaryImageOfPage\":{\"@id\":\"https:\\\/\\\/teenchallengepr.org\\\/teleonce-resalta-la-labor-de-teen-challenge-puerto-rico-durante-el-mes-de-la-recuperacion\\\/#primaryimage\"},\"image\":{\"@id\":\"https:\\\/\\\/teenchallengepr.org\\\/teleonce-resalta-la-labor-de-teen-challenge-puerto-rico-durante-el-mes-de-la-recuperacion\\\/#primaryimage\"},\"thumbnailUrl\":\"https:\\\/\\\/teenchallengepr.org\\\/wp-content\\\/uploads\\\/2026\\\/09\\\/DR.-ISRAEL-PASTRANA-metro.png\",\"datePublished\":\"2026-09-02T20:34:32+00:00\",\"dateModified\":\"2026-09-03T02:48:46+00:00\",\"description\":\"TeleOnce destaca el Congreso Comunitario de Salud Mental y Adicciones 2026 con el que Teen Challenge Puerto Rico inici\u00f3 el Mes de la Recuperaci\u00f3n.\",\"breadcrumb\":{\"@id\":\"https:\\\/\\\/teenchallengepr.org\\\/teleonce-resalta-la-labor-de-teen-challenge-puerto-rico-durante-el-mes-de-la-recuperacion\\\/#breadcrumb\"},\"inLanguage\":\"en-US\",\"potentialAction\":[{\"@type\":\"ReadAction\",\"target\":[\"https:\\\/\\\/teenchallengepr.org\\\/teleonce-resalta-la-labor-de-teen-challenge-puerto-rico-durante-el-mes-de-la-recuperacion\\\/\"]}]},{\"@type\":\"ImageObject\",\"inLanguage\":\"en-US\",\"@id\":\"https:\\\/\\\/teenchallengepr.org\\\/teleonce-resalta-la-labor-de-teen-challenge-puerto-rico-durante-el-mes-de-la-recuperacion\\\/#primaryimage\",\"url\":\"https:\\\/\\\/teenchallengepr.org\\\/wp-content\\\/uploads\\\/2026\\\/09\\\/DR.-ISRAEL-PASTRANA-metro.png\",\"contentUrl\":\"https:\\\/\\\/teenchallengepr.org\\\/wp-content\\\/uploads\\\/2026\\\/09\\\/DR.-ISRAEL-PASTRANA-metro.png\",\"width\":1800,\"height\":1071},{\"@type\":\"BreadcrumbList\",\"@id\":\"https:\\\/\\\/teenchallengepr.org\\\/teleonce-resalta-la-labor-de-teen-challenge-puerto-rico-durante-el-mes-de-la-recuperacion\\\/#breadcrumb\",\"itemListElement\":[{\"@type\":\"ListItem\",\"position\":1,\"name\":\"Portada\",\"item\":\"https:\\\/\\\/teenchallengepr.org\\\/\"},{\"@type\":\"ListItem\",\"position\":2,\"name\":\"TeleOnce resalta la labor de Teen Challenge Puerto Rico durante el Mes de la Recuperaci\u00f3n\"}]},{\"@type\":\"WebSite\",\"@id\":\"https:\\\/\\\/teenchallengepr.org\\\/#website\",\"url\":\"https:\\\/\\\/teenchallengepr.org\\\/\",\"name\":\"TEEN CHALLENGE PUERTO RICO\",\"description\":\"Poniendo la Esperanza al Alcance de Todos\",\"publisher\":{\"@id\":\"https:\\\/\\\/teenchallengepr.org\\\/#organization\"},\"alternateName\":\"TEEN CHALLENGE PUERTO RICO\",\"potentialAction\":[{\"@type\":\"SearchAction\",\"target\":{\"@type\":\"EntryPoint\",\"urlTemplate\":\"https:\\\/\\\/teenchallengepr.org\\\/?s={search_term_string}\"},\"query-input\":{\"@type\":\"PropertyValueSpecification\",\"valueRequired\":true,\"valueName\":\"search_term_string\"}}],\"inLanguage\":\"en-US\"},{\"@type\":\"Organization\",\"@id\":\"https:\\\/\\\/teenchallengepr.org\\\/#organization\",\"name\":\"Teen Challenge Puerto Rico\",\"alternateName\":\"Teen Challenge Puerto Rico\",\"url\":\"https:\\\/\\\/teenchallengepr.org\\\/\",\"logo\":{\"@type\":\"ImageObject\",\"inLanguage\":\"en-US\",\"@id\":\"https:\\\/\\\/teenchallengepr.org\\\/#\\\/schema\\\/logo\\\/image\\\/\",\"url\":\"https:\\\/\\\/teenchallengepr.org\\\/wp-content\\\/uploads\\\/2020\\\/05\\\/logo-medio-teen.png\",\"contentUrl\":\"https:\\\/\\\/teenchallengepr.org\\\/wp-content\\\/uploads\\\/2020\\\/05\\\/logo-medio-teen.png\",\"width\":559,\"height\":589,\"caption\":\"Teen Challenge Puerto Rico\"},\"image\":{\"@id\":\"https:\\\/\\\/teenchallengepr.org\\\/#\\\/schema\\\/logo\\\/image\\\/\"},\"sameAs\":[\"https:\\\/\\\/www.facebook.com\\\/TeenChallengePuertoRico\",\"https:\\\/\\\/www.instagram.com\\\/teenchallenge_puertorico\\\/\",\"https:\\\/\\\/www.pinterest.es\\\/tcpuertorico\\\/\"]},{\"@type\":\"Person\",\"@id\":\"https:\\\/\\\/teenchallengepr.org\\\/#\\\/schema\\\/person\\\/79c748d2d56c2e26e2bb63a9aea8f3dd\",\"name\":\"jalweb\",\"image\":{\"@type\":\"ImageObject\",\"inLanguage\":\"en-US\",\"@id\":\"https:\\\/\\\/secure.gravatar.com\\\/avatar\\\/fe4640416e63418cdac352b99fffcfa3223e38ed68d2eea3516a049ff3103ded?s=96&r=r\",\"url\":\"https:\\\/\\\/secure.gravatar.com\\\/avatar\\\/fe4640416e63418cdac352b99fffcfa3223e38ed68d2eea3516a049ff3103ded?s=96&r=r\",\"contentUrl\":\"https:\\\/\\\/secure.gravatar.com\\\/avatar\\\/fe4640416e63418cdac352b99fffcfa3223e38ed68d2eea3516a049ff3103ded?s=96&r=r\",\"caption\":\"jalweb\"},\"url\":\"https:\\\/\\\/teenchallengepr.org\\\/en\\\/author\\\/jalweb\\\/\"}]}<\/script>\n<!-- \/ Yoast SEO plugin. -->","yoast_head_json":{"title":"TeleOnce resalta la labor de Teen Challenge Puerto Rico durante el Mes de la Recuperaci\u00f3n - TEEN CHALLENGE PUERTO RICO","description":"TeleOnce destaca el Congreso Comunitario de Salud Mental y Adicciones 2026 con el que Teen Challenge Puerto Rico inici\u00f3 el Mes de la Recuperaci\u00f3n.","robots":{"index":"index","follow":"follow","max-snippet":"max-snippet:-1","max-image-preview":"max-image-preview:large","max-video-preview":"max-video-preview:-1"},"canonical":"https:\/\/teenchallengepr.org\/en\/teleonce-resalta-la-labor-de-teen-challenge-puerto-rico-durante-el-mes-de-la-recuperacion\/","og_locale":"en_US","og_type":"article","og_title":"TeleOnce resalta la labor de Teen Challenge Puerto Rico durante el Mes de la Recuperaci\u00f3n - TEEN CHALLENGE PUERTO RICO","og_description":"TeleOnce destaca el Congreso Comunitario de Salud Mental y Adicciones 2026 con el que Teen Challenge Puerto Rico inici\u00f3 el Mes de la Recuperaci\u00f3n.","og_url":"https:\/\/teenchallengepr.org\/en\/teleonce-resalta-la-labor-de-teen-challenge-puerto-rico-durante-el-mes-de-la-recuperacion\/","og_site_name":"TEEN CHALLENGE PUERTO RICO","article_publisher":"https:\/\/www.facebook.com\/TeenChallengePuertoRico","article_published_time":"2026-09-02T20:34:32+00:00","article_modified_time":"2026-09-03T02:48:46+00:00","og_image":[{"width":1800,"height":1071,"url":"https:\/\/teenchallengepr.org\/wp-content\/uploads\/2026\/09\/DR.-ISRAEL-PASTRANA-metro.png","type":"image\/png"}],"author":"jalweb","twitter_card":"summary_large_image","twitter_misc":{"Written by":"jalweb","Est. reading time":"3 minutes"},"schema":{"@context":"https:\/\/schema.org","@graph":[{"@type":"Article","@id":"https:\/\/teenchallengepr.org\/teleonce-resalta-la-labor-de-teen-challenge-puerto-rico-durante-el-mes-de-la-recuperacion\/#article","isPartOf":{"@id":"https:\/\/teenchallengepr.org\/teleonce-resalta-la-labor-de-teen-challenge-puerto-rico-durante-el-mes-de-la-recuperacion\/"},"author":{"name":"jalweb","@id":"https:\/\/teenchallengepr.org\/#\/schema\/person\/79c748d2d56c2e26e2bb63a9aea8f3dd"},"headline":"TeleOnce resalta la labor de Teen Challenge Puerto Rico durante el Mes de la Recuperaci\u00f3n","datePublished":"2026-09-02T20:34:32+00:00","dateModified":"2026-09-03T02:48:46+00:00","mainEntityOfPage":{"@id":"https:\/\/teenchallengepr.org\/teleonce-resalta-la-labor-de-teen-challenge-puerto-rico-durante-el-mes-de-la-recuperacion\/"},"wordCount":500,"publisher":{"@id":"https:\/\/teenchallengepr.org\/#organization"},"image":{"@id":"https:\/\/teenchallengepr.org\/teleonce-resalta-la-labor-de-teen-challenge-puerto-rico-durante-el-mes-de-la-recuperacion\/#primaryimage"},"thumbnailUrl":"https:\/\/teenchallengepr.org\/wp-content\/uploads\/2026\/09\/DR.-ISRAEL-PASTRANA-metro.png","keywords":["5K Transformando Vidas 2026","Congreso Salud Mental y Adicciones 2026","Dr. Israel Figueroa","Mes de la Recuperaci\u00f3n Puerto Rico","recuperaci\u00f3n de adicciones Puerto Rico","TeleOnce Teen Challenge Puerto Rico"],"articleSection":["Publicaciones"],"inLanguage":"en-US"},{"@type":"WebPage","@id":"https:\/\/teenchallengepr.org\/teleonce-resalta-la-labor-de-teen-challenge-puerto-rico-durante-el-mes-de-la-recuperacion\/","url":"https:\/\/teenchallengepr.org\/teleonce-resalta-la-labor-de-teen-challenge-puerto-rico-durante-el-mes-de-la-recuperacion\/","name":"TeleOnce resalta la labor de Teen Challenge Puerto Rico durante el Mes de la Recuperaci\u00f3n - TEEN CHALLENGE PUERTO RICO","isPartOf":{"@id":"https:\/\/teenchallengepr.org\/#website"},"primaryImageOfPage":{"@id":"https:\/\/teenchallengepr.org\/teleonce-resalta-la-labor-de-teen-challenge-puerto-rico-durante-el-mes-de-la-recuperacion\/#primaryimage"},"image":{"@id":"https:\/\/teenchallengepr.org\/teleonce-resalta-la-labor-de-teen-challenge-puerto-rico-durante-el-mes-de-la-recuperacion\/#primaryimage"},"thumbnailUrl":"https:\/\/teenchallengepr.org\/wp-content\/uploads\/2026\/09\/DR.-ISRAEL-PASTRANA-metro.png","datePublished":"2026-09-02T20:34:32+00:00","dateModified":"2026-09-03T02:48:46+00:00","description":"TeleOnce destaca el Congreso Comunitario de Salud Mental y Adicciones 2026 con el que Teen Challenge Puerto Rico inici\u00f3 el Mes de la Recuperaci\u00f3n.","breadcrumb":{"@id":"https:\/\/teenchallengepr.org\/teleonce-resalta-la-labor-de-teen-challenge-puerto-rico-durante-el-mes-de-la-recuperacion\/#breadcrumb"},"inLanguage":"en-US","potentialAction":[{"@type":"ReadAction","target":["https:\/\/teenchallengepr.org\/teleonce-resalta-la-labor-de-teen-challenge-puerto-rico-durante-el-mes-de-la-recuperacion\/"]}]},{"@type":"ImageObject","inLanguage":"en-US","@id":"https:\/\/teenchallengepr.org\/teleonce-resalta-la-labor-de-teen-challenge-puerto-rico-durante-el-mes-de-la-recuperacion\/#primaryimage","url":"https:\/\/teenchallengepr.org\/wp-content\/uploads\/2026\/09\/DR.-ISRAEL-PASTRANA-metro.png","contentUrl":"https:\/\/teenchallengepr.org\/wp-content\/uploads\/2026\/09\/DR.-ISRAEL-PASTRANA-metro.png","width":1800,"height":1071},{"@type":"BreadcrumbList","@id":"https:\/\/teenchallengepr.org\/teleonce-resalta-la-labor-de-teen-challenge-puerto-rico-durante-el-mes-de-la-recuperacion\/#breadcrumb","itemListElement":[{"@type":"ListItem","position":1,"name":"Portada","item":"https:\/\/teenchallengepr.org\/"},{"@type":"ListItem","position":2,"name":"TeleOnce resalta la labor de Teen Challenge Puerto Rico durante el Mes de la Recuperaci\u00f3n"}]},{"@type":"WebSite","@id":"https:\/\/teenchallengepr.org\/#website","url":"https:\/\/teenchallengepr.org\/","name":"TEEN CHALLENGE PUERTO RICO","description":"Poniendo la Esperanza al Alcance de Todos","publisher":{"@id":"https:\/\/teenchallengepr.org\/#organization"},"alternateName":"TEEN CHALLENGE PUERTO RICO","potentialAction":[{"@type":"SearchAction","target":{"@type":"EntryPoint","urlTemplate":"https:\/\/teenchallengepr.org\/?s={search_term_string}"},"query-input":{"@type":"PropertyValueSpecification","valueRequired":true,"valueName":"search_term_string"}}],"inLanguage":"en-US"},{"@type":"Organization","@id":"https:\/\/teenchallengepr.org\/#organization","name":"Teen Challenge Puerto Rico","alternateName":"Teen Challenge Puerto Rico","url":"https:\/\/teenchallengepr.org\/","logo":{"@type":"ImageObject","inLanguage":"en-US","@id":"https:\/\/teenchallengepr.org\/#\/schema\/logo\/image\/","url":"https:\/\/teenchallengepr.org\/wp-content\/uploads\/2020\/05\/logo-medio-teen.png","contentUrl":"https:\/\/teenchallengepr.org\/wp-content\/uploads\/2020\/05\/logo-medio-teen.png","width":559,"height":589,"caption":"Teen Challenge Puerto Rico"},"image":{"@id":"https:\/\/teenchallengepr.org\/#\/schema\/logo\/image\/"},"sameAs":["https:\/\/www.facebook.com\/TeenChallengePuertoRico","https:\/\/www.instagram.com\/teenchallenge_puertorico\/","https:\/\/www.pinterest.es\/tcpuertorico\/"]},{"@type":"Person","@id":"https:\/\/teenchallengepr.org\/#\/schema\/person\/79c748d2d56c2e26e2bb63a9aea8f3dd","name":"jalweb","image":{"@type":"ImageObject","inLanguage":"en-US","@id":"https:\/\/secure.gravatar.com\/avatar\/fe4640416e63418cdac352b99fffcfa3223e38ed68d2eea3516a049ff3103ded?s=96&r=r","url":"https:\/\/secure.gravatar.com\/avatar\/fe4640416e63418cdac352b99fffcfa3223e38ed68d2eea3516a049ff3103ded?s=96&r=r","contentUrl":"https:\/\/secure.gravatar.com\/avatar\/fe4640416e63418cdac352b99fffcfa3223e38ed68d2eea3516a049ff3103ded?s=96&r=r","caption":"jalweb"},"url":"https:\/\/teenchallengepr.org\/en\/author\/jalweb\/"}]}},"_links":{"self":[{"href":"https:\/\/teenchallengepr.org\/en\/wp-json\/wp\/v2\/posts\/11654","targetHints":{"allow":["GET"]}}],"collection":[{"href":"https:\/\/teenchallengepr.org\/en\/wp-json\/wp\/v2\/posts"}],"about":[{"href":"https:\/\/teenchallengepr.org\/en\/wp-json\/wp\/v2\/types\/post"}],"author":[{"embeddable":true,"href":"https:\/\/teenchallengepr.org\/en\/wp-json\/wp\/v2\/users\/1"}],"replies":[{"embeddable":true,"href":"https:\/\/teenchallengepr.org\/en\/wp-json\/wp\/v2\/comments?post=11654"}],"version-history":[{"count":2,"href":"https:\/\/teenchallengepr.org\/en\/wp-json\/wp\/v2\/posts\/11654\/revisions"}],"predecessor-version":[{"id":11667,"href":"https:\/\/teenchallengepr.org\/en\/wp-json\/wp\/v2\/posts\/11654\/revisions\/11667"}],"wp:featuredmedia":[{"embeddable":true,"href":"https:\/\/teenchallengepr.org\/en\/wp-json\/wp\/v2\/media\/11655"}],"wp:attachment":[{"href":"https:\/\/teenchallengepr.org\/en\/wp-json\/wp\/v2\/media?parent=11654"}],"wp:term":[{"taxonomy":"category","embeddable":true,"href":"https:\/\/teenchallengepr.org\/en\/wp-json\/wp\/v2\/categories?post=11654"},{"taxonomy":"post_tag","embeddable":true,"href":"https:\/\/teenchallengepr.org\/en\/wp-json\/wp\/v2\/tags?post=11654"}],"curies":[{"name":"wp","href":"https:\/\/api.w.org\/{rel}","templated":true}]}}