{"id":11650,"date":"2026-09-02T16:18:45","date_gmt":"2026-09-02T20:18:45","guid":{"rendered":"https:\/\/teenchallengepr.org\/?p=11650"},"modified":"2026-09-02T16:20:46","modified_gmt":"2026-09-02T20:20:46","slug":"primera-hora-destaca-a-teen-challenge-puerto-rico-en-el-mes-de-la-recuperacion","status":"publish","type":"post","link":"https:\/\/teenchallengepr.org\/en\/primera-hora-destaca-a-teen-challenge-puerto-rico-en-el-mes-de-la-recuperacion\/","title":{"rendered":"Primera Hora destaca a Teen Challenge Puerto Rico en el Mes de la Recuperaci\u00f3n"},"content":{"rendered":"<p class=\"isSelectedEnd\">Teen Challenge Puerto Rico contin\u00faa fortaleciendo su compromiso con la educaci\u00f3n, la prevenci\u00f3n, la recuperaci\u00f3n y la transformaci\u00f3n de vidas en Puerto Rico.<\/p>\n<p class=\"isSelectedEnd\">El peri\u00f3dico <strong>Primera Hora<\/strong> destac\u00f3 la celebraci\u00f3n del <strong>Congreso Comunitario de Salud Mental y Adicciones 2026<\/strong>, iniciativa con la que Teen Challenge Puerto Rico dio inicio al <strong>Mes de la Recuperaci\u00f3n de los Trastornos de Uso de Sustancias y Salud Mental<\/strong>.<\/p>\n<p class=\"isSelectedEnd\">El encuentro, celebrado en el <strong>Centro de Bellas Artes de Caguas<\/strong>, reuni\u00f3 a profesionales de la salud, l\u00edderes comunitarios, representantes gubernamentales y expertos de Puerto Rico, Estados Unidos y Rep\u00fablica Dominicana, creando un espacio para el intercambio de conocimientos, la educaci\u00f3n y el fortalecimiento de alianzas en favor de las personas y familias que enfrentan trastornos relacionados con el uso de sustancias y la salud mental.<\/p>\n<h2>Un mensaje de esperanza y transformaci\u00f3n<\/h2>\n<p class=\"isSelectedEnd\">Durante el Congreso, el <strong>Dr. Israel Figueroa Pastrana, presidente y CEO de Teen Challenge Puerto Rico<\/strong>, resalt\u00f3 la importancia de acompa\u00f1ar a quienes atraviesan procesos de recuperaci\u00f3n y de continuar uniendo esfuerzos entre organizaciones, profesionales y comunidades.<\/p>\n<p class=\"isSelectedEnd\">Como destac\u00f3 Primera Hora, el mensaje central de esta iniciativa reafirma que <strong>la recuperaci\u00f3n es posible<\/strong> y que el conocimiento, los recursos, la comunidad y la voluntad de servir pueden generar nuevas oportunidades para las personas y sus familias.<\/p>\n<p class=\"isSelectedEnd\">La actividad tambi\u00e9n cont\u00f3 con la participaci\u00f3n de profesionales y representantes de distintas organizaciones vinculadas a la salud, el bienestar y la recuperaci\u00f3n, adem\u00e1s de delegaciones de Teen Challenge de Estados Unidos, Nuevo M\u00e9xico, Global Teen Challenge y Rep\u00fablica Dominicana.<\/p>\n<h2>Septiembre: un mes para educar, sensibilizar y movilizar<\/h2>\n<p class=\"isSelectedEnd\">Durante septiembre, Teen Challenge Puerto Rico continuar\u00e1 desarrollando iniciativas dirigidas a crear conciencia sobre la recuperaci\u00f3n, promover la prevenci\u00f3n y movilizar a la comunidad.<\/p>\n<p class=\"isSelectedEnd\">Entre las pr\u00f3ximas actividades se encuentra el <strong>5K Transformando Vidas 2026<\/strong>, que se celebrar\u00e1 el <strong>s\u00e1bado, 12 de septiembre<\/strong>, en el Paseo de las Artes de Caguas.<\/p>\n<p class=\"isSelectedEnd\">Bajo el lema:<\/p>\n<p class=\"isSelectedEnd\"><strong>\u201cCada paso transforma una vida\u201d<\/strong><\/p>\n<p class=\"isSelectedEnd\">esta actividad busca unir a la comunidad en apoyo a la misi\u00f3n de Teen Challenge Puerto Rico y a todas las personas que trabajan cada d\u00eda por transformar sus vidas.<\/p>\n<h2>Agradecidos por continuar llevando un mensaje de esperanza<\/h2>\n<p class=\"isSelectedEnd\">En este <strong>A\u00f1o de la Gratitud<\/strong>, agradecemos a <em>Primera Hora<\/em> por brindar espacio a iniciativas que ayudan a visibilizar la importancia de la prevenci\u00f3n, la recuperaci\u00f3n y el acompa\u00f1amiento a las familias.<\/p>\n<p class=\"isSelectedEnd\">Tambi\u00e9n agradecemos a cada profesional, colaborador, organizaci\u00f3n, voluntario y participante que contin\u00faa sum\u00e1ndose a la misi\u00f3n de <strong>Teen Challenge Puerto Rico<\/strong>.<\/p>\n<p class=\"isSelectedEnd\">Seguimos trabajando para construir esperanza, restaurar vidas y demostrar que la transformaci\u00f3n es posible.<\/p>\n<p><strong>Lee la publicaci\u00f3n completa de Primera Hora:<\/strong><br \/>\n<a href=\"https:\/\/www.primerahora.com\/noticias\/puerto-rico\/notas\/celebran-el-mes-de-la-recuperacion-de-los-trastornos-de-uso-de-sustancias-y-salud-mental\/\" data-rich-text-autolink=\"\">https:\/\/www.primerahora.com\/noticias\/puerto-rico\/notas\/celebran-el-mes-de-la-recuperacion-de-los-trastornos-de-uso-de-sustancias-y-salud-mental\/<\/a><\/p>","protected":false},"excerpt":{"rendered":"<p>Teen Challenge Puerto Rico contin\u00faa fortaleciendo su compromiso con la educaci\u00f3n, la prevenci\u00f3n, la recuperaci\u00f3n y la transformaci\u00f3n de vidas en Puerto Rico. El peri\u00f3dico Primera Hora destac\u00f3 la celebraci\u00f3n del Congreso Comunitario de Salud Mental y Adicciones 2026, iniciativa con la que Teen Challenge Puerto Rico dio inicio al Mes de la Recuperaci\u00f3n de [&hellip;]<\/p>","protected":false},"author":1,"featured_media":11651,"comment_status":"closed","ping_status":"open","sticky":false,"template":"","format":"standard","meta":{"footnotes":""},"categories":[28],"tags":[111,109,93,108,110,92],"class_list":["post-11650","post","type-post","status-publish","format-standard","has-post-thumbnail","hentry","category-publicaciones","tag-5k-transformando-vidas-2026","tag-congreso-de-salud-mental-y-adicciones","tag-dr-israel-figueroa","tag-mes-de-la-recuperacion-puerto-rico","tag-recuperacion-de-adicciones","tag-teen-challenge-puerto-rico"],"yoast_head":"<!-- This site is optimized with the Yoast SEO plugin v28.3 - https:\/\/yoast.com\/product\/yoast-seo-wordpress\/ -->\n<title>Primera Hora destaca a Teen Challenge Puerto Rico en el Mes de la Recuperaci\u00f3n - TEEN CHALLENGE PUERTO RICO<\/title>\n<meta name=\"description\" content=\"Primera Hora destaca la labor de Teen Challenge Puerto Rico durante el Mes de la Recuperaci\u00f3n y el Congreso Comunitario de Salud Mental y Adicciones 2026.\" \/>\n<meta name=\"robots\" content=\"index, follow, max-snippet:-1, max-image-preview:large, max-video-preview:-1\" \/>\n<link rel=\"canonical\" href=\"https:\/\/teenchallengepr.org\/en\/primera-hora-destaca-a-teen-challenge-puerto-rico-en-el-mes-de-la-recuperacion\/\" \/>\n<meta property=\"og:locale\" content=\"en_US\" \/>\n<meta property=\"og:type\" content=\"article\" \/>\n<meta property=\"og:title\" content=\"Primera Hora destaca a Teen Challenge Puerto Rico en el Mes de la Recuperaci\u00f3n - TEEN CHALLENGE PUERTO RICO\" \/>\n<meta property=\"og:description\" content=\"Primera Hora destaca la labor de Teen Challenge Puerto Rico durante el Mes de la Recuperaci\u00f3n y el Congreso Comunitario de Salud Mental y Adicciones 2026.\" \/>\n<meta property=\"og:url\" content=\"https:\/\/teenchallengepr.org\/en\/primera-hora-destaca-a-teen-challenge-puerto-rico-en-el-mes-de-la-recuperacion\/\" \/>\n<meta property=\"og:site_name\" content=\"TEEN CHALLENGE PUERTO RICO\" \/>\n<meta property=\"article:publisher\" content=\"https:\/\/www.facebook.com\/TeenChallengePuertoRico\" \/>\n<meta property=\"article:published_time\" content=\"2026-09-02T20:18:45+00:00\" \/>\n<meta property=\"article:modified_time\" content=\"2026-09-02T20:20:46+00:00\" \/>\n<meta property=\"og:image\" content=\"https:\/\/teenchallengepr.org\/wp-content\/uploads\/2026\/09\/DR.-ISRAEL-PASTRANA.png\" \/>\n\t<meta property=\"og:image:width\" content=\"1800\" \/>\n\t<meta property=\"og:image:height\" content=\"1071\" \/>\n\t<meta property=\"og:image:type\" content=\"image\/png\" \/>\n<meta name=\"author\" content=\"jalweb\" \/>\n<meta name=\"twitter:card\" content=\"summary_large_image\" \/>\n<meta name=\"twitter:label1\" content=\"Written by\" \/>\n\t<meta name=\"twitter:data1\" content=\"jalweb\" \/>\n\t<meta name=\"twitter:label2\" content=\"Est. reading time\" \/>\n\t<meta name=\"twitter:data2\" content=\"3 minutes\" \/>\n<script type=\"application\/ld+json\" class=\"yoast-schema-graph\">{\"@context\":\"https:\\\/\\\/schema.org\",\"@graph\":[{\"@type\":\"Article\",\"@id\":\"https:\\\/\\\/teenchallengepr.org\\\/primera-hora-destaca-a-teen-challenge-puerto-rico-en-el-mes-de-la-recuperacion\\\/#article\",\"isPartOf\":{\"@id\":\"https:\\\/\\\/teenchallengepr.org\\\/primera-hora-destaca-a-teen-challenge-puerto-rico-en-el-mes-de-la-recuperacion\\\/\"},\"author\":{\"name\":\"jalweb\",\"@id\":\"https:\\\/\\\/teenchallengepr.org\\\/#\\\/schema\\\/person\\\/79c748d2d56c2e26e2bb63a9aea8f3dd\"},\"headline\":\"Primera Hora destaca a Teen Challenge Puerto Rico en el Mes de la Recuperaci\u00f3n\",\"datePublished\":\"2026-09-02T20:18:45+00:00\",\"dateModified\":\"2026-09-02T20:20:46+00:00\",\"mainEntityOfPage\":{\"@id\":\"https:\\\/\\\/teenchallengepr.org\\\/primera-hora-destaca-a-teen-challenge-puerto-rico-en-el-mes-de-la-recuperacion\\\/\"},\"wordCount\":489,\"publisher\":{\"@id\":\"https:\\\/\\\/teenchallengepr.org\\\/#organization\"},\"image\":{\"@id\":\"https:\\\/\\\/teenchallengepr.org\\\/primera-hora-destaca-a-teen-challenge-puerto-rico-en-el-mes-de-la-recuperacion\\\/#primaryimage\"},\"thumbnailUrl\":\"https:\\\/\\\/teenchallengepr.org\\\/wp-content\\\/uploads\\\/2026\\\/09\\\/DR.-ISRAEL-PASTRANA.png\",\"keywords\":[\"5K Transformando Vidas 2026\",\"Congreso de Salud Mental y Adicciones\",\"Dr. Israel Figueroa\",\"Mes de la Recuperaci\u00f3n Puerto Rico\",\"recuperaci\u00f3n de adicciones\",\"Teen Challenge Puerto Rico\"],\"articleSection\":[\"Publicaciones\"],\"inLanguage\":\"en-US\"},{\"@type\":\"WebPage\",\"@id\":\"https:\\\/\\\/teenchallengepr.org\\\/primera-hora-destaca-a-teen-challenge-puerto-rico-en-el-mes-de-la-recuperacion\\\/\",\"url\":\"https:\\\/\\\/teenchallengepr.org\\\/primera-hora-destaca-a-teen-challenge-puerto-rico-en-el-mes-de-la-recuperacion\\\/\",\"name\":\"Primera Hora destaca a Teen Challenge Puerto Rico en el Mes de la Recuperaci\u00f3n - TEEN CHALLENGE PUERTO RICO\",\"isPartOf\":{\"@id\":\"https:\\\/\\\/teenchallengepr.org\\\/#website\"},\"primaryImageOfPage\":{\"@id\":\"https:\\\/\\\/teenchallengepr.org\\\/primera-hora-destaca-a-teen-challenge-puerto-rico-en-el-mes-de-la-recuperacion\\\/#primaryimage\"},\"image\":{\"@id\":\"https:\\\/\\\/teenchallengepr.org\\\/primera-hora-destaca-a-teen-challenge-puerto-rico-en-el-mes-de-la-recuperacion\\\/#primaryimage\"},\"thumbnailUrl\":\"https:\\\/\\\/teenchallengepr.org\\\/wp-content\\\/uploads\\\/2026\\\/09\\\/DR.-ISRAEL-PASTRANA.png\",\"datePublished\":\"2026-09-02T20:18:45+00:00\",\"dateModified\":\"2026-09-02T20:20:46+00:00\",\"description\":\"Primera Hora destaca la labor de Teen Challenge Puerto Rico durante el Mes de la Recuperaci\u00f3n y el Congreso Comunitario de Salud Mental y Adicciones 2026.\",\"breadcrumb\":{\"@id\":\"https:\\\/\\\/teenchallengepr.org\\\/primera-hora-destaca-a-teen-challenge-puerto-rico-en-el-mes-de-la-recuperacion\\\/#breadcrumb\"},\"inLanguage\":\"en-US\",\"potentialAction\":[{\"@type\":\"ReadAction\",\"target\":[\"https:\\\/\\\/teenchallengepr.org\\\/primera-hora-destaca-a-teen-challenge-puerto-rico-en-el-mes-de-la-recuperacion\\\/\"]}]},{\"@type\":\"ImageObject\",\"inLanguage\":\"en-US\",\"@id\":\"https:\\\/\\\/teenchallengepr.org\\\/primera-hora-destaca-a-teen-challenge-puerto-rico-en-el-mes-de-la-recuperacion\\\/#primaryimage\",\"url\":\"https:\\\/\\\/teenchallengepr.org\\\/wp-content\\\/uploads\\\/2026\\\/09\\\/DR.-ISRAEL-PASTRANA.png\",\"contentUrl\":\"https:\\\/\\\/teenchallengepr.org\\\/wp-content\\\/uploads\\\/2026\\\/09\\\/DR.-ISRAEL-PASTRANA.png\",\"width\":1800,\"height\":1071},{\"@type\":\"BreadcrumbList\",\"@id\":\"https:\\\/\\\/teenchallengepr.org\\\/primera-hora-destaca-a-teen-challenge-puerto-rico-en-el-mes-de-la-recuperacion\\\/#breadcrumb\",\"itemListElement\":[{\"@type\":\"ListItem\",\"position\":1,\"name\":\"Portada\",\"item\":\"https:\\\/\\\/teenchallengepr.org\\\/\"},{\"@type\":\"ListItem\",\"position\":2,\"name\":\"Primera Hora destaca a Teen Challenge Puerto Rico en el Mes de la Recuperaci\u00f3n\"}]},{\"@type\":\"WebSite\",\"@id\":\"https:\\\/\\\/teenchallengepr.org\\\/#website\",\"url\":\"https:\\\/\\\/teenchallengepr.org\\\/\",\"name\":\"TEEN CHALLENGE PUERTO RICO\",\"description\":\"Poniendo la Esperanza al Alcance de Todos\",\"publisher\":{\"@id\":\"https:\\\/\\\/teenchallengepr.org\\\/#organization\"},\"alternateName\":\"TEEN CHALLENGE PUERTO RICO\",\"potentialAction\":[{\"@type\":\"SearchAction\",\"target\":{\"@type\":\"EntryPoint\",\"urlTemplate\":\"https:\\\/\\\/teenchallengepr.org\\\/?s={search_term_string}\"},\"query-input\":{\"@type\":\"PropertyValueSpecification\",\"valueRequired\":true,\"valueName\":\"search_term_string\"}}],\"inLanguage\":\"en-US\"},{\"@type\":\"Organization\",\"@id\":\"https:\\\/\\\/teenchallengepr.org\\\/#organization\",\"name\":\"Teen Challenge Puerto Rico\",\"alternateName\":\"Teen Challenge Puerto Rico\",\"url\":\"https:\\\/\\\/teenchallengepr.org\\\/\",\"logo\":{\"@type\":\"ImageObject\",\"inLanguage\":\"en-US\",\"@id\":\"https:\\\/\\\/teenchallengepr.org\\\/#\\\/schema\\\/logo\\\/image\\\/\",\"url\":\"https:\\\/\\\/teenchallengepr.org\\\/wp-content\\\/uploads\\\/2020\\\/05\\\/logo-medio-teen.png\",\"contentUrl\":\"https:\\\/\\\/teenchallengepr.org\\\/wp-content\\\/uploads\\\/2020\\\/05\\\/logo-medio-teen.png\",\"width\":559,\"height\":589,\"caption\":\"Teen Challenge Puerto Rico\"},\"image\":{\"@id\":\"https:\\\/\\\/teenchallengepr.org\\\/#\\\/schema\\\/logo\\\/image\\\/\"},\"sameAs\":[\"https:\\\/\\\/www.facebook.com\\\/TeenChallengePuertoRico\",\"https:\\\/\\\/www.instagram.com\\\/teenchallenge_puertorico\\\/\",\"https:\\\/\\\/www.pinterest.es\\\/tcpuertorico\\\/\"]},{\"@type\":\"Person\",\"@id\":\"https:\\\/\\\/teenchallengepr.org\\\/#\\\/schema\\\/person\\\/79c748d2d56c2e26e2bb63a9aea8f3dd\",\"name\":\"jalweb\",\"image\":{\"@type\":\"ImageObject\",\"inLanguage\":\"en-US\",\"@id\":\"https:\\\/\\\/secure.gravatar.com\\\/avatar\\\/fe4640416e63418cdac352b99fffcfa3223e38ed68d2eea3516a049ff3103ded?s=96&r=r\",\"url\":\"https:\\\/\\\/secure.gravatar.com\\\/avatar\\\/fe4640416e63418cdac352b99fffcfa3223e38ed68d2eea3516a049ff3103ded?s=96&r=r\",\"contentUrl\":\"https:\\\/\\\/secure.gravatar.com\\\/avatar\\\/fe4640416e63418cdac352b99fffcfa3223e38ed68d2eea3516a049ff3103ded?s=96&r=r\",\"caption\":\"jalweb\"},\"url\":\"https:\\\/\\\/teenchallengepr.org\\\/en\\\/author\\\/jalweb\\\/\"}]}<\/script>\n<!-- \/ Yoast SEO plugin. -->","yoast_head_json":{"title":"Primera Hora destaca a Teen Challenge Puerto Rico en el Mes de la Recuperaci\u00f3n - TEEN CHALLENGE PUERTO RICO","description":"Primera Hora destaca la labor de Teen Challenge Puerto Rico durante el Mes de la Recuperaci\u00f3n y el Congreso Comunitario de Salud Mental y Adicciones 2026.","robots":{"index":"index","follow":"follow","max-snippet":"max-snippet:-1","max-image-preview":"max-image-preview:large","max-video-preview":"max-video-preview:-1"},"canonical":"https:\/\/teenchallengepr.org\/en\/primera-hora-destaca-a-teen-challenge-puerto-rico-en-el-mes-de-la-recuperacion\/","og_locale":"en_US","og_type":"article","og_title":"Primera Hora destaca a Teen Challenge Puerto Rico en el Mes de la Recuperaci\u00f3n - TEEN CHALLENGE PUERTO RICO","og_description":"Primera Hora destaca la labor de Teen Challenge Puerto Rico durante el Mes de la Recuperaci\u00f3n y el Congreso Comunitario de Salud Mental y Adicciones 2026.","og_url":"https:\/\/teenchallengepr.org\/en\/primera-hora-destaca-a-teen-challenge-puerto-rico-en-el-mes-de-la-recuperacion\/","og_site_name":"TEEN CHALLENGE PUERTO RICO","article_publisher":"https:\/\/www.facebook.com\/TeenChallengePuertoRico","article_published_time":"2026-09-02T20:18:45+00:00","article_modified_time":"2026-09-02T20:20:46+00:00","og_image":[{"width":1800,"height":1071,"url":"https:\/\/teenchallengepr.org\/wp-content\/uploads\/2026\/09\/DR.-ISRAEL-PASTRANA.png","type":"image\/png"}],"author":"jalweb","twitter_card":"summary_large_image","twitter_misc":{"Written by":"jalweb","Est. reading time":"3 minutes"},"schema":{"@context":"https:\/\/schema.org","@graph":[{"@type":"Article","@id":"https:\/\/teenchallengepr.org\/primera-hora-destaca-a-teen-challenge-puerto-rico-en-el-mes-de-la-recuperacion\/#article","isPartOf":{"@id":"https:\/\/teenchallengepr.org\/primera-hora-destaca-a-teen-challenge-puerto-rico-en-el-mes-de-la-recuperacion\/"},"author":{"name":"jalweb","@id":"https:\/\/teenchallengepr.org\/#\/schema\/person\/79c748d2d56c2e26e2bb63a9aea8f3dd"},"headline":"Primera Hora destaca a Teen Challenge Puerto Rico en el Mes de la Recuperaci\u00f3n","datePublished":"2026-09-02T20:18:45+00:00","dateModified":"2026-09-02T20:20:46+00:00","mainEntityOfPage":{"@id":"https:\/\/teenchallengepr.org\/primera-hora-destaca-a-teen-challenge-puerto-rico-en-el-mes-de-la-recuperacion\/"},"wordCount":489,"publisher":{"@id":"https:\/\/teenchallengepr.org\/#organization"},"image":{"@id":"https:\/\/teenchallengepr.org\/primera-hora-destaca-a-teen-challenge-puerto-rico-en-el-mes-de-la-recuperacion\/#primaryimage"},"thumbnailUrl":"https:\/\/teenchallengepr.org\/wp-content\/uploads\/2026\/09\/DR.-ISRAEL-PASTRANA.png","keywords":["5K Transformando Vidas 2026","Congreso de Salud Mental y Adicciones","Dr. Israel Figueroa","Mes de la Recuperaci\u00f3n Puerto Rico","recuperaci\u00f3n de adicciones","Teen Challenge Puerto Rico"],"articleSection":["Publicaciones"],"inLanguage":"en-US"},{"@type":"WebPage","@id":"https:\/\/teenchallengepr.org\/primera-hora-destaca-a-teen-challenge-puerto-rico-en-el-mes-de-la-recuperacion\/","url":"https:\/\/teenchallengepr.org\/primera-hora-destaca-a-teen-challenge-puerto-rico-en-el-mes-de-la-recuperacion\/","name":"Primera Hora destaca a Teen Challenge Puerto Rico en el Mes de la Recuperaci\u00f3n - TEEN CHALLENGE PUERTO RICO","isPartOf":{"@id":"https:\/\/teenchallengepr.org\/#website"},"primaryImageOfPage":{"@id":"https:\/\/teenchallengepr.org\/primera-hora-destaca-a-teen-challenge-puerto-rico-en-el-mes-de-la-recuperacion\/#primaryimage"},"image":{"@id":"https:\/\/teenchallengepr.org\/primera-hora-destaca-a-teen-challenge-puerto-rico-en-el-mes-de-la-recuperacion\/#primaryimage"},"thumbnailUrl":"https:\/\/teenchallengepr.org\/wp-content\/uploads\/2026\/09\/DR.-ISRAEL-PASTRANA.png","datePublished":"2026-09-02T20:18:45+00:00","dateModified":"2026-09-02T20:20:46+00:00","description":"Primera Hora destaca la labor de Teen Challenge Puerto Rico durante el Mes de la Recuperaci\u00f3n y el Congreso Comunitario de Salud Mental y Adicciones 2026.","breadcrumb":{"@id":"https:\/\/teenchallengepr.org\/primera-hora-destaca-a-teen-challenge-puerto-rico-en-el-mes-de-la-recuperacion\/#breadcrumb"},"inLanguage":"en-US","potentialAction":[{"@type":"ReadAction","target":["https:\/\/teenchallengepr.org\/primera-hora-destaca-a-teen-challenge-puerto-rico-en-el-mes-de-la-recuperacion\/"]}]},{"@type":"ImageObject","inLanguage":"en-US","@id":"https:\/\/teenchallengepr.org\/primera-hora-destaca-a-teen-challenge-puerto-rico-en-el-mes-de-la-recuperacion\/#primaryimage","url":"https:\/\/teenchallengepr.org\/wp-content\/uploads\/2026\/09\/DR.-ISRAEL-PASTRANA.png","contentUrl":"https:\/\/teenchallengepr.org\/wp-content\/uploads\/2026\/09\/DR.-ISRAEL-PASTRANA.png","width":1800,"height":1071},{"@type":"BreadcrumbList","@id":"https:\/\/teenchallengepr.org\/primera-hora-destaca-a-teen-challenge-puerto-rico-en-el-mes-de-la-recuperacion\/#breadcrumb","itemListElement":[{"@type":"ListItem","position":1,"name":"Portada","item":"https:\/\/teenchallengepr.org\/"},{"@type":"ListItem","position":2,"name":"Primera Hora destaca a Teen Challenge Puerto Rico en el Mes de la Recuperaci\u00f3n"}]},{"@type":"WebSite","@id":"https:\/\/teenchallengepr.org\/#website","url":"https:\/\/teenchallengepr.org\/","name":"TEEN CHALLENGE PUERTO RICO","description":"Poniendo la Esperanza al Alcance de Todos","publisher":{"@id":"https:\/\/teenchallengepr.org\/#organization"},"alternateName":"TEEN CHALLENGE PUERTO RICO","potentialAction":[{"@type":"SearchAction","target":{"@type":"EntryPoint","urlTemplate":"https:\/\/teenchallengepr.org\/?s={search_term_string}"},"query-input":{"@type":"PropertyValueSpecification","valueRequired":true,"valueName":"search_term_string"}}],"inLanguage":"en-US"},{"@type":"Organization","@id":"https:\/\/teenchallengepr.org\/#organization","name":"Teen Challenge Puerto Rico","alternateName":"Teen Challenge Puerto Rico","url":"https:\/\/teenchallengepr.org\/","logo":{"@type":"ImageObject","inLanguage":"en-US","@id":"https:\/\/teenchallengepr.org\/#\/schema\/logo\/image\/","url":"https:\/\/teenchallengepr.org\/wp-content\/uploads\/2020\/05\/logo-medio-teen.png","contentUrl":"https:\/\/teenchallengepr.org\/wp-content\/uploads\/2020\/05\/logo-medio-teen.png","width":559,"height":589,"caption":"Teen Challenge Puerto Rico"},"image":{"@id":"https:\/\/teenchallengepr.org\/#\/schema\/logo\/image\/"},"sameAs":["https:\/\/www.facebook.com\/TeenChallengePuertoRico","https:\/\/www.instagram.com\/teenchallenge_puertorico\/","https:\/\/www.pinterest.es\/tcpuertorico\/"]},{"@type":"Person","@id":"https:\/\/teenchallengepr.org\/#\/schema\/person\/79c748d2d56c2e26e2bb63a9aea8f3dd","name":"jalweb","image":{"@type":"ImageObject","inLanguage":"en-US","@id":"https:\/\/secure.gravatar.com\/avatar\/fe4640416e63418cdac352b99fffcfa3223e38ed68d2eea3516a049ff3103ded?s=96&r=r","url":"https:\/\/secure.gravatar.com\/avatar\/fe4640416e63418cdac352b99fffcfa3223e38ed68d2eea3516a049ff3103ded?s=96&r=r","contentUrl":"https:\/\/secure.gravatar.com\/avatar\/fe4640416e63418cdac352b99fffcfa3223e38ed68d2eea3516a049ff3103ded?s=96&r=r","caption":"jalweb"},"url":"https:\/\/teenchallengepr.org\/en\/author\/jalweb\/"}]}},"_links":{"self":[{"href":"https:\/\/teenchallengepr.org\/en\/wp-json\/wp\/v2\/posts\/11650","targetHints":{"allow":["GET"]}}],"collection":[{"href":"https:\/\/teenchallengepr.org\/en\/wp-json\/wp\/v2\/posts"}],"about":[{"href":"https:\/\/teenchallengepr.org\/en\/wp-json\/wp\/v2\/types\/post"}],"author":[{"embeddable":true,"href":"https:\/\/teenchallengepr.org\/en\/wp-json\/wp\/v2\/users\/1"}],"replies":[{"embeddable":true,"href":"https:\/\/teenchallengepr.org\/en\/wp-json\/wp\/v2\/comments?post=11650"}],"version-history":[{"count":2,"href":"https:\/\/teenchallengepr.org\/en\/wp-json\/wp\/v2\/posts\/11650\/revisions"}],"predecessor-version":[{"id":11653,"href":"https:\/\/teenchallengepr.org\/en\/wp-json\/wp\/v2\/posts\/11650\/revisions\/11653"}],"wp:featuredmedia":[{"embeddable":true,"href":"https:\/\/teenchallengepr.org\/en\/wp-json\/wp\/v2\/media\/11651"}],"wp:attachment":[{"href":"https:\/\/teenchallengepr.org\/en\/wp-json\/wp\/v2\/media?parent=11650"}],"wp:term":[{"taxonomy":"category","embeddable":true,"href":"https:\/\/teenchallengepr.org\/en\/wp-json\/wp\/v2\/categories?post=11650"},{"taxonomy":"post_tag","embeddable":true,"href":"https:\/\/teenchallengepr.org\/en\/wp-json\/wp\/v2\/tags?post=11650"}],"curies":[{"name":"wp","href":"https:\/\/api.w.org\/{rel}","templated":true}]}}