{"id":11645,"date":"2026-09-01T13:08:47","date_gmt":"2026-09-01T17:08:47","guid":{"rendered":"https:\/\/teenchallengepr.org\/?p=11645"},"modified":"2026-09-01T13:08:47","modified_gmt":"2026-09-01T17:08:47","slug":"teen-challenge-puerto-rico-destaca-en-presencia-pr-por-su-labor-educativa-sobre-el-trastorno-por-uso-de-sustancias","status":"publish","type":"post","link":"https:\/\/teenchallengepr.org\/en\/teen-challenge-puerto-rico-destaca-en-presencia-pr-por-su-labor-educativa-sobre-el-trastorno-por-uso-de-sustancias\/","title":{"rendered":"Teen Challenge Puerto Rico destaca en Presencia PR por su labor educativa sobre el trastorno por uso de sustancias"},"content":{"rendered":"<p class=\"PDq2pG_selectionAnchorContainer\" data-start=\"1175\" data-end=\"1350\">Teen Challenge Puerto Rico contin\u00faa fortaleciendo su compromiso con la educaci\u00f3n, la prevenci\u00f3n y la recuperaci\u00f3n de personas afectadas por el trastorno por uso de sustancias.<\/p>\n<p data-start=\"1352\" data-end=\"1639\">Agradecemos al peri\u00f3dico <strong data-start=\"1377\" data-end=\"1393\">Presencia PR<\/strong> por destacar la labor que desarrolla nuestra organizaci\u00f3n y por brindar un espacio para presentar a la comunidad parte de nuestra misi\u00f3n y los esfuerzos que realizamos para promover alternativas de tratamiento, recuperaci\u00f3n y bienestar integral.<\/p>\n<p data-start=\"1641\" data-end=\"1972\">En la publicaci\u00f3n, el <strong data-start=\"1663\" data-end=\"1743\">Dr. Israel Figueroa Pastrana, presidente y CEO de Teen Challenge Puerto Rico<\/strong>, comparte informaci\u00f3n sobre el modelo de atenci\u00f3n de la organizaci\u00f3n, que integra servicios profesionales, tratamiento cl\u00ednico, herramientas basadas en evidencia y el componente espiritual como parte del proceso de recuperaci\u00f3n.<\/p>\n<p data-start=\"1974\" data-end=\"2177\">Tambi\u00e9n se destacan importantes iniciativas de Teen Challenge Puerto Rico dirigidas a la comunidad, incluyendo el <strong data-start=\"2088\" data-end=\"2139\">Congreso Comunitario de Adicci\u00f3n y Salud Mental<\/strong> y el <strong data-start=\"2145\" data-end=\"2176\">5K Transformando Vidas 2026<\/strong>.<\/p>\n<p data-start=\"2179\" data-end=\"2382\">En este <strong data-start=\"2187\" data-end=\"2209\">A\u00f1o de la Gratitud<\/strong>, damos gracias a Dios por cada oportunidad que nos permite llevar un mensaje de educaci\u00f3n, prevenci\u00f3n, restauraci\u00f3n y esperanza a m\u00e1s familias y comunidades de Puerto Rico.<\/p>\n<p data-start=\"2384\" data-end=\"2470\"><strong data-start=\"2384\" data-end=\"2430\">Lea el reportaje completo en Presencia PR:<\/strong><br data-start=\"2430\" data-end=\"2433\" \/><span class=\"contents\" data-content-reference-start=\"2402\" data-content-reference-end=\"2551\"><span class=\"\" data-state=\"closed\"><a class=\"decorated-link\" href=\"https:\/\/presenciapr.com\/teen-challenge-puerto-rico-busca-educar-sobre-el-tema-del-trastorno-de-uso-de-sustancias\/?utm_source=chatgpt.com\" target=\"_blank\" rel=\"noopener\">Leer art\u00edculo en Presencia PR<\/a><\/span><\/span><\/p>\n<p data-start=\"2472\" data-end=\"2565\"><strong data-start=\"2472\" data-end=\"2525\">Consulte tambi\u00e9n la edici\u00f3n digital de Presencia:<\/strong><br data-start=\"2525\" data-end=\"2528\" \/><span class=\"contents\" data-content-reference-start=\"2609\" data-content-reference-end=\"2695\"><span class=\"\" data-state=\"closed\"><a class=\"decorated-link\" href=\"https:\/\/issuu.com\/presenciapr\/docs\/issue_ago_13_682?utm_source=chatgpt.com\" target=\"_blank\" rel=\"noopener\">Ver edici\u00f3n digital en Issuu<\/a><\/span><\/span><\/p>\n<p data-start=\"2567\" data-end=\"2663\"><strong data-start=\"2567\" data-end=\"2597\">Teen Challenge Puerto Rico<\/strong><br data-start=\"2597\" data-end=\"2600\" \/>Transformando vidas, restaurando familias y llevando esperanza.<\/p>","protected":false},"excerpt":{"rendered":"<p>Teen Challenge Puerto Rico contin\u00faa fortaleciendo su compromiso con la educaci\u00f3n, la prevenci\u00f3n y la recuperaci\u00f3n de personas afectadas por el trastorno por uso de sustancias. Agradecemos al peri\u00f3dico Presencia PR por destacar la labor que desarrolla nuestra organizaci\u00f3n y por brindar un espacio para presentar a la comunidad parte de nuestra misi\u00f3n y los [&hellip;]<\/p>","protected":false},"author":1,"featured_media":11647,"comment_status":"closed","ping_status":"open","sticky":false,"template":"","format":"standard","meta":{"footnotes":""},"categories":[28],"tags":[98,101,93,106,99,104,103,92,107],"class_list":["post-11645","post","type-post","status-publish","format-standard","has-post-thumbnail","hentry","category-publicaciones","tag-5k-transformando-vidas","tag-ano-de-la-gratitud","tag-dr-israel-figueroa","tag-presencia-pr","tag-prevencion-de-adicciones","tag-recuperacion","tag-salud-mental","tag-teen-challenge-puerto-rico","tag-trastorno-por-uso-de-sustancias"],"yoast_head":"<!-- This site is optimized with the Yoast SEO plugin v28.3 - https:\/\/yoast.com\/product\/yoast-seo-wordpress\/ -->\n<title>Teen Challenge Puerto Rico destaca en Presencia PR por su labor educativa sobre el trastorno por uso de sustancias - TEEN CHALLENGE PUERTO RICO<\/title>\n<meta name=\"description\" content=\"Presencia PR destaca la labor de Teen Challenge Puerto Rico en educaci\u00f3n, prevenci\u00f3n, recuperaci\u00f3n y atenci\u00f3n del trastorno por uso de sustancias.\" \/>\n<meta name=\"robots\" content=\"index, follow, max-snippet:-1, max-image-preview:large, max-video-preview:-1\" \/>\n<link rel=\"canonical\" href=\"https:\/\/teenchallengepr.org\/en\/teen-challenge-puerto-rico-destaca-en-presencia-pr-por-su-labor-educativa-sobre-el-trastorno-por-uso-de-sustancias\/\" \/>\n<meta property=\"og:locale\" content=\"en_US\" \/>\n<meta property=\"og:type\" content=\"article\" \/>\n<meta property=\"og:title\" content=\"Teen Challenge Puerto Rico destaca en Presencia PR por su labor educativa sobre el trastorno por uso de sustancias - TEEN CHALLENGE PUERTO RICO\" \/>\n<meta property=\"og:description\" content=\"Presencia PR destaca la labor de Teen Challenge Puerto Rico en educaci\u00f3n, prevenci\u00f3n, recuperaci\u00f3n y atenci\u00f3n del trastorno por uso de sustancias.\" \/>\n<meta property=\"og:url\" content=\"https:\/\/teenchallengepr.org\/en\/teen-challenge-puerto-rico-destaca-en-presencia-pr-por-su-labor-educativa-sobre-el-trastorno-por-uso-de-sustancias\/\" \/>\n<meta property=\"og:site_name\" content=\"TEEN CHALLENGE PUERTO RICO\" \/>\n<meta property=\"article:publisher\" content=\"https:\/\/www.facebook.com\/TeenChallengePuertoRico\" \/>\n<meta property=\"article:published_time\" content=\"2026-09-01T17:08:47+00:00\" \/>\n<meta property=\"og:image\" content=\"https:\/\/teenchallengepr.org\/wp-content\/uploads\/2026\/09\/Dr.-Israel-Figueroa.jpg\" \/>\n\t<meta property=\"og:image:width\" content=\"1254\" \/>\n\t<meta property=\"og:image:height\" content=\"1254\" \/>\n\t<meta property=\"og:image:type\" content=\"image\/jpeg\" \/>\n<meta name=\"author\" content=\"jalweb\" \/>\n<meta name=\"twitter:card\" content=\"summary_large_image\" \/>\n<meta name=\"twitter:label1\" content=\"Written by\" \/>\n\t<meta name=\"twitter:data1\" content=\"jalweb\" \/>\n\t<meta name=\"twitter:label2\" content=\"Est. reading time\" \/>\n\t<meta name=\"twitter:data2\" content=\"2 minutes\" \/>\n<script type=\"application\/ld+json\" class=\"yoast-schema-graph\">{\"@context\":\"https:\\\/\\\/schema.org\",\"@graph\":[{\"@type\":\"Article\",\"@id\":\"https:\\\/\\\/teenchallengepr.org\\\/teen-challenge-puerto-rico-destaca-en-presencia-pr-por-su-labor-educativa-sobre-el-trastorno-por-uso-de-sustancias\\\/#article\",\"isPartOf\":{\"@id\":\"https:\\\/\\\/teenchallengepr.org\\\/teen-challenge-puerto-rico-destaca-en-presencia-pr-por-su-labor-educativa-sobre-el-trastorno-por-uso-de-sustancias\\\/\"},\"author\":{\"name\":\"jalweb\",\"@id\":\"https:\\\/\\\/teenchallengepr.org\\\/#\\\/schema\\\/person\\\/79c748d2d56c2e26e2bb63a9aea8f3dd\"},\"headline\":\"Teen Challenge Puerto Rico destaca en Presencia PR por su labor educativa sobre el trastorno por uso de sustancias\",\"datePublished\":\"2026-09-01T17:08:47+00:00\",\"mainEntityOfPage\":{\"@id\":\"https:\\\/\\\/teenchallengepr.org\\\/teen-challenge-puerto-rico-destaca-en-presencia-pr-por-su-labor-educativa-sobre-el-trastorno-por-uso-de-sustancias\\\/\"},\"wordCount\":253,\"publisher\":{\"@id\":\"https:\\\/\\\/teenchallengepr.org\\\/#organization\"},\"image\":{\"@id\":\"https:\\\/\\\/teenchallengepr.org\\\/teen-challenge-puerto-rico-destaca-en-presencia-pr-por-su-labor-educativa-sobre-el-trastorno-por-uso-de-sustancias\\\/#primaryimage\"},\"thumbnailUrl\":\"https:\\\/\\\/teenchallengepr.org\\\/wp-content\\\/uploads\\\/2026\\\/09\\\/Dr.-Israel-Figueroa.jpg\",\"keywords\":[\"5K Transformando Vidas\",\"A\u00f1o de la Gratitud\",\"Dr. Israel Figueroa\",\"Presencia PR\",\"prevenci\u00f3n de adicciones\",\"Recuperaci\u00f3n\",\"Salud Mental\",\"Teen Challenge Puerto Rico\",\"trastorno por uso de sustancias\"],\"articleSection\":[\"Publicaciones\"],\"inLanguage\":\"en-US\"},{\"@type\":\"WebPage\",\"@id\":\"https:\\\/\\\/teenchallengepr.org\\\/teen-challenge-puerto-rico-destaca-en-presencia-pr-por-su-labor-educativa-sobre-el-trastorno-por-uso-de-sustancias\\\/\",\"url\":\"https:\\\/\\\/teenchallengepr.org\\\/teen-challenge-puerto-rico-destaca-en-presencia-pr-por-su-labor-educativa-sobre-el-trastorno-por-uso-de-sustancias\\\/\",\"name\":\"Teen Challenge Puerto Rico destaca en Presencia PR por su labor educativa sobre el trastorno por uso de sustancias - TEEN CHALLENGE PUERTO RICO\",\"isPartOf\":{\"@id\":\"https:\\\/\\\/teenchallengepr.org\\\/#website\"},\"primaryImageOfPage\":{\"@id\":\"https:\\\/\\\/teenchallengepr.org\\\/teen-challenge-puerto-rico-destaca-en-presencia-pr-por-su-labor-educativa-sobre-el-trastorno-por-uso-de-sustancias\\\/#primaryimage\"},\"image\":{\"@id\":\"https:\\\/\\\/teenchallengepr.org\\\/teen-challenge-puerto-rico-destaca-en-presencia-pr-por-su-labor-educativa-sobre-el-trastorno-por-uso-de-sustancias\\\/#primaryimage\"},\"thumbnailUrl\":\"https:\\\/\\\/teenchallengepr.org\\\/wp-content\\\/uploads\\\/2026\\\/09\\\/Dr.-Israel-Figueroa.jpg\",\"datePublished\":\"2026-09-01T17:08:47+00:00\",\"description\":\"Presencia PR destaca la labor de Teen Challenge Puerto Rico en educaci\u00f3n, prevenci\u00f3n, recuperaci\u00f3n y atenci\u00f3n del trastorno por uso de sustancias.\",\"breadcrumb\":{\"@id\":\"https:\\\/\\\/teenchallengepr.org\\\/teen-challenge-puerto-rico-destaca-en-presencia-pr-por-su-labor-educativa-sobre-el-trastorno-por-uso-de-sustancias\\\/#breadcrumb\"},\"inLanguage\":\"en-US\",\"potentialAction\":[{\"@type\":\"ReadAction\",\"target\":[\"https:\\\/\\\/teenchallengepr.org\\\/teen-challenge-puerto-rico-destaca-en-presencia-pr-por-su-labor-educativa-sobre-el-trastorno-por-uso-de-sustancias\\\/\"]}]},{\"@type\":\"ImageObject\",\"inLanguage\":\"en-US\",\"@id\":\"https:\\\/\\\/teenchallengepr.org\\\/teen-challenge-puerto-rico-destaca-en-presencia-pr-por-su-labor-educativa-sobre-el-trastorno-por-uso-de-sustancias\\\/#primaryimage\",\"url\":\"https:\\\/\\\/teenchallengepr.org\\\/wp-content\\\/uploads\\\/2026\\\/09\\\/Dr.-Israel-Figueroa.jpg\",\"contentUrl\":\"https:\\\/\\\/teenchallengepr.org\\\/wp-content\\\/uploads\\\/2026\\\/09\\\/Dr.-Israel-Figueroa.jpg\",\"width\":1254,\"height\":1254},{\"@type\":\"BreadcrumbList\",\"@id\":\"https:\\\/\\\/teenchallengepr.org\\\/teen-challenge-puerto-rico-destaca-en-presencia-pr-por-su-labor-educativa-sobre-el-trastorno-por-uso-de-sustancias\\\/#breadcrumb\",\"itemListElement\":[{\"@type\":\"ListItem\",\"position\":1,\"name\":\"Portada\",\"item\":\"https:\\\/\\\/teenchallengepr.org\\\/\"},{\"@type\":\"ListItem\",\"position\":2,\"name\":\"Teen Challenge Puerto Rico destaca en Presencia PR por su labor educativa sobre el trastorno por uso de sustancias\"}]},{\"@type\":\"WebSite\",\"@id\":\"https:\\\/\\\/teenchallengepr.org\\\/#website\",\"url\":\"https:\\\/\\\/teenchallengepr.org\\\/\",\"name\":\"TEEN CHALLENGE PUERTO RICO\",\"description\":\"Poniendo la Esperanza al Alcance de Todos\",\"publisher\":{\"@id\":\"https:\\\/\\\/teenchallengepr.org\\\/#organization\"},\"alternateName\":\"TEEN CHALLENGE PUERTO RICO\",\"potentialAction\":[{\"@type\":\"SearchAction\",\"target\":{\"@type\":\"EntryPoint\",\"urlTemplate\":\"https:\\\/\\\/teenchallengepr.org\\\/?s={search_term_string}\"},\"query-input\":{\"@type\":\"PropertyValueSpecification\",\"valueRequired\":true,\"valueName\":\"search_term_string\"}}],\"inLanguage\":\"en-US\"},{\"@type\":\"Organization\",\"@id\":\"https:\\\/\\\/teenchallengepr.org\\\/#organization\",\"name\":\"Teen Challenge Puerto Rico\",\"alternateName\":\"Teen Challenge Puerto Rico\",\"url\":\"https:\\\/\\\/teenchallengepr.org\\\/\",\"logo\":{\"@type\":\"ImageObject\",\"inLanguage\":\"en-US\",\"@id\":\"https:\\\/\\\/teenchallengepr.org\\\/#\\\/schema\\\/logo\\\/image\\\/\",\"url\":\"https:\\\/\\\/teenchallengepr.org\\\/wp-content\\\/uploads\\\/2020\\\/05\\\/logo-medio-teen.png\",\"contentUrl\":\"https:\\\/\\\/teenchallengepr.org\\\/wp-content\\\/uploads\\\/2020\\\/05\\\/logo-medio-teen.png\",\"width\":559,\"height\":589,\"caption\":\"Teen Challenge Puerto Rico\"},\"image\":{\"@id\":\"https:\\\/\\\/teenchallengepr.org\\\/#\\\/schema\\\/logo\\\/image\\\/\"},\"sameAs\":[\"https:\\\/\\\/www.facebook.com\\\/TeenChallengePuertoRico\",\"https:\\\/\\\/www.instagram.com\\\/teenchallenge_puertorico\\\/\",\"https:\\\/\\\/www.pinterest.es\\\/tcpuertorico\\\/\"]},{\"@type\":\"Person\",\"@id\":\"https:\\\/\\\/teenchallengepr.org\\\/#\\\/schema\\\/person\\\/79c748d2d56c2e26e2bb63a9aea8f3dd\",\"name\":\"jalweb\",\"image\":{\"@type\":\"ImageObject\",\"inLanguage\":\"en-US\",\"@id\":\"https:\\\/\\\/secure.gravatar.com\\\/avatar\\\/fe4640416e63418cdac352b99fffcfa3223e38ed68d2eea3516a049ff3103ded?s=96&r=r\",\"url\":\"https:\\\/\\\/secure.gravatar.com\\\/avatar\\\/fe4640416e63418cdac352b99fffcfa3223e38ed68d2eea3516a049ff3103ded?s=96&r=r\",\"contentUrl\":\"https:\\\/\\\/secure.gravatar.com\\\/avatar\\\/fe4640416e63418cdac352b99fffcfa3223e38ed68d2eea3516a049ff3103ded?s=96&r=r\",\"caption\":\"jalweb\"},\"url\":\"https:\\\/\\\/teenchallengepr.org\\\/en\\\/author\\\/jalweb\\\/\"}]}<\/script>\n<!-- \/ Yoast SEO plugin. -->","yoast_head_json":{"title":"Teen Challenge Puerto Rico destaca en Presencia PR por su labor educativa sobre el trastorno por uso de sustancias - TEEN CHALLENGE PUERTO RICO","description":"Presencia PR destaca la labor de Teen Challenge Puerto Rico en educaci\u00f3n, prevenci\u00f3n, recuperaci\u00f3n y atenci\u00f3n del trastorno por uso de sustancias.","robots":{"index":"index","follow":"follow","max-snippet":"max-snippet:-1","max-image-preview":"max-image-preview:large","max-video-preview":"max-video-preview:-1"},"canonical":"https:\/\/teenchallengepr.org\/en\/teen-challenge-puerto-rico-destaca-en-presencia-pr-por-su-labor-educativa-sobre-el-trastorno-por-uso-de-sustancias\/","og_locale":"en_US","og_type":"article","og_title":"Teen Challenge Puerto Rico destaca en Presencia PR por su labor educativa sobre el trastorno por uso de sustancias - TEEN CHALLENGE PUERTO RICO","og_description":"Presencia PR destaca la labor de Teen Challenge Puerto Rico en educaci\u00f3n, prevenci\u00f3n, recuperaci\u00f3n y atenci\u00f3n del trastorno por uso de sustancias.","og_url":"https:\/\/teenchallengepr.org\/en\/teen-challenge-puerto-rico-destaca-en-presencia-pr-por-su-labor-educativa-sobre-el-trastorno-por-uso-de-sustancias\/","og_site_name":"TEEN CHALLENGE PUERTO RICO","article_publisher":"https:\/\/www.facebook.com\/TeenChallengePuertoRico","article_published_time":"2026-09-01T17:08:47+00:00","og_image":[{"width":1254,"height":1254,"url":"https:\/\/teenchallengepr.org\/wp-content\/uploads\/2026\/09\/Dr.-Israel-Figueroa.jpg","type":"image\/jpeg"}],"author":"jalweb","twitter_card":"summary_large_image","twitter_misc":{"Written by":"jalweb","Est. reading time":"2 minutes"},"schema":{"@context":"https:\/\/schema.org","@graph":[{"@type":"Article","@id":"https:\/\/teenchallengepr.org\/teen-challenge-puerto-rico-destaca-en-presencia-pr-por-su-labor-educativa-sobre-el-trastorno-por-uso-de-sustancias\/#article","isPartOf":{"@id":"https:\/\/teenchallengepr.org\/teen-challenge-puerto-rico-destaca-en-presencia-pr-por-su-labor-educativa-sobre-el-trastorno-por-uso-de-sustancias\/"},"author":{"name":"jalweb","@id":"https:\/\/teenchallengepr.org\/#\/schema\/person\/79c748d2d56c2e26e2bb63a9aea8f3dd"},"headline":"Teen Challenge Puerto Rico destaca en Presencia PR por su labor educativa sobre el trastorno por uso de sustancias","datePublished":"2026-09-01T17:08:47+00:00","mainEntityOfPage":{"@id":"https:\/\/teenchallengepr.org\/teen-challenge-puerto-rico-destaca-en-presencia-pr-por-su-labor-educativa-sobre-el-trastorno-por-uso-de-sustancias\/"},"wordCount":253,"publisher":{"@id":"https:\/\/teenchallengepr.org\/#organization"},"image":{"@id":"https:\/\/teenchallengepr.org\/teen-challenge-puerto-rico-destaca-en-presencia-pr-por-su-labor-educativa-sobre-el-trastorno-por-uso-de-sustancias\/#primaryimage"},"thumbnailUrl":"https:\/\/teenchallengepr.org\/wp-content\/uploads\/2026\/09\/Dr.-Israel-Figueroa.jpg","keywords":["5K Transformando Vidas","A\u00f1o de la Gratitud","Dr. Israel Figueroa","Presencia PR","prevenci\u00f3n de adicciones","Recuperaci\u00f3n","Salud Mental","Teen Challenge Puerto Rico","trastorno por uso de sustancias"],"articleSection":["Publicaciones"],"inLanguage":"en-US"},{"@type":"WebPage","@id":"https:\/\/teenchallengepr.org\/teen-challenge-puerto-rico-destaca-en-presencia-pr-por-su-labor-educativa-sobre-el-trastorno-por-uso-de-sustancias\/","url":"https:\/\/teenchallengepr.org\/teen-challenge-puerto-rico-destaca-en-presencia-pr-por-su-labor-educativa-sobre-el-trastorno-por-uso-de-sustancias\/","name":"Teen Challenge Puerto Rico destaca en Presencia PR por su labor educativa sobre el trastorno por uso de sustancias - TEEN CHALLENGE PUERTO RICO","isPartOf":{"@id":"https:\/\/teenchallengepr.org\/#website"},"primaryImageOfPage":{"@id":"https:\/\/teenchallengepr.org\/teen-challenge-puerto-rico-destaca-en-presencia-pr-por-su-labor-educativa-sobre-el-trastorno-por-uso-de-sustancias\/#primaryimage"},"image":{"@id":"https:\/\/teenchallengepr.org\/teen-challenge-puerto-rico-destaca-en-presencia-pr-por-su-labor-educativa-sobre-el-trastorno-por-uso-de-sustancias\/#primaryimage"},"thumbnailUrl":"https:\/\/teenchallengepr.org\/wp-content\/uploads\/2026\/09\/Dr.-Israel-Figueroa.jpg","datePublished":"2026-09-01T17:08:47+00:00","description":"Presencia PR destaca la labor de Teen Challenge Puerto Rico en educaci\u00f3n, prevenci\u00f3n, recuperaci\u00f3n y atenci\u00f3n del trastorno por uso de sustancias.","breadcrumb":{"@id":"https:\/\/teenchallengepr.org\/teen-challenge-puerto-rico-destaca-en-presencia-pr-por-su-labor-educativa-sobre-el-trastorno-por-uso-de-sustancias\/#breadcrumb"},"inLanguage":"en-US","potentialAction":[{"@type":"ReadAction","target":["https:\/\/teenchallengepr.org\/teen-challenge-puerto-rico-destaca-en-presencia-pr-por-su-labor-educativa-sobre-el-trastorno-por-uso-de-sustancias\/"]}]},{"@type":"ImageObject","inLanguage":"en-US","@id":"https:\/\/teenchallengepr.org\/teen-challenge-puerto-rico-destaca-en-presencia-pr-por-su-labor-educativa-sobre-el-trastorno-por-uso-de-sustancias\/#primaryimage","url":"https:\/\/teenchallengepr.org\/wp-content\/uploads\/2026\/09\/Dr.-Israel-Figueroa.jpg","contentUrl":"https:\/\/teenchallengepr.org\/wp-content\/uploads\/2026\/09\/Dr.-Israel-Figueroa.jpg","width":1254,"height":1254},{"@type":"BreadcrumbList","@id":"https:\/\/teenchallengepr.org\/teen-challenge-puerto-rico-destaca-en-presencia-pr-por-su-labor-educativa-sobre-el-trastorno-por-uso-de-sustancias\/#breadcrumb","itemListElement":[{"@type":"ListItem","position":1,"name":"Portada","item":"https:\/\/teenchallengepr.org\/"},{"@type":"ListItem","position":2,"name":"Teen Challenge Puerto Rico destaca en Presencia PR por su labor educativa sobre el trastorno por uso de sustancias"}]},{"@type":"WebSite","@id":"https:\/\/teenchallengepr.org\/#website","url":"https:\/\/teenchallengepr.org\/","name":"TEEN CHALLENGE PUERTO RICO","description":"Poniendo la Esperanza al Alcance de Todos","publisher":{"@id":"https:\/\/teenchallengepr.org\/#organization"},"alternateName":"TEEN CHALLENGE PUERTO RICO","potentialAction":[{"@type":"SearchAction","target":{"@type":"EntryPoint","urlTemplate":"https:\/\/teenchallengepr.org\/?s={search_term_string}"},"query-input":{"@type":"PropertyValueSpecification","valueRequired":true,"valueName":"search_term_string"}}],"inLanguage":"en-US"},{"@type":"Organization","@id":"https:\/\/teenchallengepr.org\/#organization","name":"Teen Challenge Puerto Rico","alternateName":"Teen Challenge Puerto Rico","url":"https:\/\/teenchallengepr.org\/","logo":{"@type":"ImageObject","inLanguage":"en-US","@id":"https:\/\/teenchallengepr.org\/#\/schema\/logo\/image\/","url":"https:\/\/teenchallengepr.org\/wp-content\/uploads\/2020\/05\/logo-medio-teen.png","contentUrl":"https:\/\/teenchallengepr.org\/wp-content\/uploads\/2020\/05\/logo-medio-teen.png","width":559,"height":589,"caption":"Teen Challenge Puerto Rico"},"image":{"@id":"https:\/\/teenchallengepr.org\/#\/schema\/logo\/image\/"},"sameAs":["https:\/\/www.facebook.com\/TeenChallengePuertoRico","https:\/\/www.instagram.com\/teenchallenge_puertorico\/","https:\/\/www.pinterest.es\/tcpuertorico\/"]},{"@type":"Person","@id":"https:\/\/teenchallengepr.org\/#\/schema\/person\/79c748d2d56c2e26e2bb63a9aea8f3dd","name":"jalweb","image":{"@type":"ImageObject","inLanguage":"en-US","@id":"https:\/\/secure.gravatar.com\/avatar\/fe4640416e63418cdac352b99fffcfa3223e38ed68d2eea3516a049ff3103ded?s=96&r=r","url":"https:\/\/secure.gravatar.com\/avatar\/fe4640416e63418cdac352b99fffcfa3223e38ed68d2eea3516a049ff3103ded?s=96&r=r","contentUrl":"https:\/\/secure.gravatar.com\/avatar\/fe4640416e63418cdac352b99fffcfa3223e38ed68d2eea3516a049ff3103ded?s=96&r=r","caption":"jalweb"},"url":"https:\/\/teenchallengepr.org\/en\/author\/jalweb\/"}]}},"_links":{"self":[{"href":"https:\/\/teenchallengepr.org\/en\/wp-json\/wp\/v2\/posts\/11645","targetHints":{"allow":["GET"]}}],"collection":[{"href":"https:\/\/teenchallengepr.org\/en\/wp-json\/wp\/v2\/posts"}],"about":[{"href":"https:\/\/teenchallengepr.org\/en\/wp-json\/wp\/v2\/types\/post"}],"author":[{"embeddable":true,"href":"https:\/\/teenchallengepr.org\/en\/wp-json\/wp\/v2\/users\/1"}],"replies":[{"embeddable":true,"href":"https:\/\/teenchallengepr.org\/en\/wp-json\/wp\/v2\/comments?post=11645"}],"version-history":[{"count":2,"href":"https:\/\/teenchallengepr.org\/en\/wp-json\/wp\/v2\/posts\/11645\/revisions"}],"predecessor-version":[{"id":11648,"href":"https:\/\/teenchallengepr.org\/en\/wp-json\/wp\/v2\/posts\/11645\/revisions\/11648"}],"wp:featuredmedia":[{"embeddable":true,"href":"https:\/\/teenchallengepr.org\/en\/wp-json\/wp\/v2\/media\/11647"}],"wp:attachment":[{"href":"https:\/\/teenchallengepr.org\/en\/wp-json\/wp\/v2\/media?parent=11645"}],"wp:term":[{"taxonomy":"category","embeddable":true,"href":"https:\/\/teenchallengepr.org\/en\/wp-json\/wp\/v2\/categories?post=11645"},{"taxonomy":"post_tag","embeddable":true,"href":"https:\/\/teenchallengepr.org\/en\/wp-json\/wp\/v2\/tags?post=11645"}],"curies":[{"name":"wp","href":"https:\/\/api.w.org\/{rel}","templated":true}]}}